{"id":145108,"date":"2022-04-09T08:51:53","date_gmt":"2022-04-09T12:51:53","guid":{"rendered":"https:\/\/linitiative.ca\/International\/sahara-lespagne-adopte-la-carte-complete-du-maroc\/"},"modified":"2022-04-09T08:51:53","modified_gmt":"2022-04-09T12:51:53","slug":"sahara-lespagne-adopte-la-carte-complete-du-maroc","status":"publish","type":"post","link":"https:\/\/linitiative.ca\/International\/sahara-lespagne-adopte-la-carte-complete-du-maroc\/","title":{"rendered":"Sahara : L\u2019Espagne adopte la carte compl\u00e8te du Maroc"},"content":{"rendered":"<div><img decoding=\"async\" width=\"850\" height=\"364\" src=\"https:\/\/linitiative.ca\/International\/wp-content\/uploads\/sites\/23\/2022\/04\/carte-2-e1649508583619.png\" class=\"attachment-post-thumbnail size-post-thumbnail wp-post-image\" alt=\"\" loading=\"lazy\" itemprop=\"image\">Le site officiel du minist\u00e8re espagnol des Affaires \u00e9trang\u00e8res a publi\u00e9 la carte compl\u00e8te et non coup\u00e9e du Maroc. Cette \u00e9tape fait suite \u00e0 la venue jeudi \u00e0 Rabat, du chef du gouvernement espagnol Pedro Sanchez, marquant une nouvelle \u00e9tape dans les relations bilat\u00e9rales entre les deux pays. La carte<\/div>\n<p>Auteur: Mehdi Ouazzani<br \/>\n<a href=\"https:\/\/www.challenge.ma\/sahara-lespagne-adopte-la-carte-complete-du-maroc-236463\/\">Cliquez ici pour lire l&rsquo;article depuis sa source.<\/a><\/p>\n","protected":false},"excerpt":{"rendered":"<p>Le site officiel du minist\u00e8re espagnol des Affaires \u00e9trang\u00e8res a publi\u00e9 la carte compl\u00e8te et non coup\u00e9e du Maroc. Cette \u00e9tape fait suite \u00e0 la venue jeudi \u00e0 Rabat, du chef du gouvernement espagnol Pedro Sanchez, marquant une nouvelle \u00e9tape dans les relations bilat\u00e9rales entre les deux pays. La carte Auteur: Mehdi Ouazzani Cliquez ici [&hellip;]<\/p>\n","protected":false},"author":1787,"featured_media":0,"comment_status":"closed","ping_status":"closed","sticky":false,"template":"","format":"standard","meta":{"fifu_image_url":"https:\/\/www.challenge.ma\/wp-content\/uploads\/2022\/04\/carte-2-e1649508583619.png","fifu_image_alt":"Sahara : L\u2019Espagne adopte la carte compl\u00e8te du Maroc","footnotes":""},"categories":[78,54],"tags":[],"class_list":["post-145108","post","type-post","status-publish","format-standard","hentry","category-economie","category-maroc"],"_links":{"self":[{"href":"https:\/\/linitiative.ca\/International\/wp-json\/wp\/v2\/posts\/145108","targetHints":{"allow":["GET"]}}],"collection":[{"href":"https:\/\/linitiative.ca\/International\/wp-json\/wp\/v2\/posts"}],"about":[{"href":"https:\/\/linitiative.ca\/International\/wp-json\/wp\/v2\/types\/post"}],"author":[{"embeddable":true,"href":"https:\/\/linitiative.ca\/International\/wp-json\/wp\/v2\/users\/1787"}],"replies":[{"embeddable":true,"href":"https:\/\/linitiative.ca\/International\/wp-json\/wp\/v2\/comments?post=145108"}],"version-history":[{"count":0,"href":"https:\/\/linitiative.ca\/International\/wp-json\/wp\/v2\/posts\/145108\/revisions"}],"wp:attachment":[{"href":"https:\/\/linitiative.ca\/International\/wp-json\/wp\/v2\/media?parent=145108"}],"wp:term":[{"taxonomy":"category","embeddable":true,"href":"https:\/\/linitiative.ca\/International\/wp-json\/wp\/v2\/categories?post=145108"},{"taxonomy":"post_tag","embeddable":true,"href":"https:\/\/linitiative.ca\/International\/wp-json\/wp\/v2\/tags?post=145108"}],"curies":[{"name":"wp","href":"https:\/\/api.w.org\/{rel}","templated":true}]}}