{"id":145112,"date":"2022-04-09T16:44:58","date_gmt":"2022-04-09T20:44:58","guid":{"rendered":"https:\/\/linitiative.ca\/International\/tunisie-kais-saied-video-il-existe-une-grande-difference-entre-les-idees-des-martyrs-et-les-experiences-que-la-tunisie-a-connues-recemment\/"},"modified":"2022-04-09T16:44:58","modified_gmt":"2022-04-09T20:44:58","slug":"tunisie-kais-saied-video-il-existe-une-grande-difference-entre-les-idees-des-martyrs-et-les-experiences-que-la-tunisie-a-connues-recemment","status":"publish","type":"post","link":"https:\/\/linitiative.ca\/International\/tunisie-kais-saied-video-il-existe-une-grande-difference-entre-les-idees-des-martyrs-et-les-experiences-que-la-tunisie-a-connues-recemment\/","title":{"rendered":"Tunisie-Kais Saied [VIDEO] : \u00ab Il existe une grande diff\u00e9rence entre les id\u00e9es des martyrs et les exp\u00e9riences que la Tunisie a connues r\u00e9cemment\u00bb"},"content":{"rendered":"<div>\n<p>Le pr\u00e9sident de la R\u00e9publique, Kais Saied a supervis\u00e9 aujourd\u2019hui, samedi 9 avril 2022, les travaux du conseil minist\u00e9riel, co\u00efncidant avec la Comm\u00e9moration de la F\u00eate des Martyrs. Au cours de cette rencontre, Saied a expliqu\u00e9 que les martyrs de la patrie tu\u00e9s le 9 avril 1938 ont exig\u00e9 le retour de la souverainet\u00e9 au [\u2026]<\/p>\n<p>L\u2019article <a href=\"https:\/\/www.tunisienumerique.com\/tunisie-kais-saied-video-il-existe-une-grande-difference-entre-les-idees-des-martyrs-et-les-experiences-que-la-tunisie-a-connues-recemment\/\">Tunisie-Kais Saied [VIDEO] : \u00ab Il existe une grande diff\u00e9rence entre les id\u00e9es des martyrs et les exp\u00e9riences que la Tunisie a connues r\u00e9cemment\u00bb<\/a> est apparu en premier sur <a href=\"https:\/\/www.tunisienumerique.com\/\">Tunisie<\/a>.<\/p>\n<\/div>\n<p>Auteur: rania ben slimane<br \/>\n<a href=\"https:\/\/www.tunisienumerique.com\/tunisie-kais-saied-video-il-existe-une-grande-difference-entre-les-idees-des-martyrs-et-les-experiences-que-la-tunisie-a-connues-recemment\/\">Cliquez ici pour lire l&rsquo;article depuis sa source.<\/a><\/p>\n","protected":false},"excerpt":{"rendered":"<p>Le pr\u00e9sident de la R\u00e9publique, Kais Saied a supervis\u00e9 aujourd\u2019hui, samedi 9 avril 2022, les travaux du conseil minist\u00e9riel, co\u00efncidant avec la Comm\u00e9moration de la F\u00eate des Martyrs. Au cours de cette rencontre, Saied a expliqu\u00e9 que les martyrs de la patrie tu\u00e9s le 9 avril 1938 ont exig\u00e9 le retour de la souverainet\u00e9 au [&hellip;]<\/p>\n","protected":false},"author":1789,"featured_media":0,"comment_status":"closed","ping_status":"closed","sticky":false,"template":"","format":"standard","meta":{"fifu_image_url":"","fifu_image_alt":"","footnotes":""},"categories":[73,55],"tags":[],"class_list":["post-145112","post","type-post","status-publish","format-standard","hentry","category-actualite","category-tunisie"],"_links":{"self":[{"href":"https:\/\/linitiative.ca\/International\/wp-json\/wp\/v2\/posts\/145112","targetHints":{"allow":["GET"]}}],"collection":[{"href":"https:\/\/linitiative.ca\/International\/wp-json\/wp\/v2\/posts"}],"about":[{"href":"https:\/\/linitiative.ca\/International\/wp-json\/wp\/v2\/types\/post"}],"author":[{"embeddable":true,"href":"https:\/\/linitiative.ca\/International\/wp-json\/wp\/v2\/users\/1789"}],"replies":[{"embeddable":true,"href":"https:\/\/linitiative.ca\/International\/wp-json\/wp\/v2\/comments?post=145112"}],"version-history":[{"count":0,"href":"https:\/\/linitiative.ca\/International\/wp-json\/wp\/v2\/posts\/145112\/revisions"}],"wp:attachment":[{"href":"https:\/\/linitiative.ca\/International\/wp-json\/wp\/v2\/media?parent=145112"}],"wp:term":[{"taxonomy":"category","embeddable":true,"href":"https:\/\/linitiative.ca\/International\/wp-json\/wp\/v2\/categories?post=145112"},{"taxonomy":"post_tag","embeddable":true,"href":"https:\/\/linitiative.ca\/International\/wp-json\/wp\/v2\/tags?post=145112"}],"curies":[{"name":"wp","href":"https:\/\/api.w.org\/{rel}","templated":true}]}}