{"id":145113,"date":"2022-04-09T16:51:28","date_gmt":"2022-04-09T20:51:28","guid":{"rendered":"https:\/\/linitiative.ca\/International\/tunisie-kais-saied-video-le-futur-parlement-exprimera-la-volonte-du-peuple-tunisien\/"},"modified":"2022-04-09T16:51:28","modified_gmt":"2022-04-09T20:51:28","slug":"tunisie-kais-saied-video-le-futur-parlement-exprimera-la-volonte-du-peuple-tunisien","status":"publish","type":"post","link":"https:\/\/linitiative.ca\/International\/tunisie-kais-saied-video-le-futur-parlement-exprimera-la-volonte-du-peuple-tunisien\/","title":{"rendered":"Tunisie-Kais Saied [VIDEO] : \u00ab Le futur parlement exprimera la volont\u00e9 du peuple tunisien \u00bb"},"content":{"rendered":"<div>\n<p>Le pr\u00e9sident de la R\u00e9publique, Kais Saied a supervis\u00e9 aujourd\u2019hui, samedi 9 avril 2022, les travaux du conseil minist\u00e9riel, co\u00efncidant avec la Journ\u00e9e des Martyrs. \u201cLes Tunisiens sont d\u00e9\u00e7us du parlement\u2026 mais le futur parlement exprimera leur volont\u00e9 honn\u00eatement et sinc\u00e8rement, contrairement \u00e0 ce qui s\u2019est pass\u00e9 ces derni\u00e8res d\u00e9cennies\u201d, a-t-il pr\u00e9cis\u00e9. \u201cNous marchons avec [\u2026]<\/p>\n<p>L\u2019article <a href=\"https:\/\/www.tunisienumerique.com\/tunisie-kais-saied-video-le-futur-parlement-exprimera-la-volonte-du-peuple-tunisien\/\">Tunisie-Kais Saied [VIDEO] : \u00ab Le futur parlement exprimera la volont\u00e9 du peuple tunisien \u00bb<\/a> est apparu en premier sur <a href=\"https:\/\/www.tunisienumerique.com\/\">Tunisie<\/a>.<\/p>\n<\/div>\n<p>Auteur: rania ben slimane<br \/>\n<a href=\"https:\/\/www.tunisienumerique.com\/tunisie-kais-saied-video-le-futur-parlement-exprimera-la-volonte-du-peuple-tunisien\/\">Cliquez ici pour lire l&rsquo;article depuis sa source.<\/a><\/p>\n","protected":false},"excerpt":{"rendered":"<p>Le pr\u00e9sident de la R\u00e9publique, Kais Saied a supervis\u00e9 aujourd\u2019hui, samedi 9 avril 2022, les travaux du conseil minist\u00e9riel, co\u00efncidant avec la Journ\u00e9e des Martyrs. \u201cLes Tunisiens sont d\u00e9\u00e7us du parlement\u2026 mais le futur parlement exprimera leur volont\u00e9 honn\u00eatement et sinc\u00e8rement, contrairement \u00e0 ce qui s\u2019est pass\u00e9 ces derni\u00e8res d\u00e9cennies\u201d, a-t-il pr\u00e9cis\u00e9. \u201cNous marchons avec [&hellip;]<\/p>\n","protected":false},"author":1789,"featured_media":0,"comment_status":"closed","ping_status":"closed","sticky":false,"template":"","format":"standard","meta":{"fifu_image_url":"","fifu_image_alt":"","footnotes":""},"categories":[73,55],"tags":[],"class_list":["post-145113","post","type-post","status-publish","format-standard","hentry","category-actualite","category-tunisie"],"_links":{"self":[{"href":"https:\/\/linitiative.ca\/International\/wp-json\/wp\/v2\/posts\/145113","targetHints":{"allow":["GET"]}}],"collection":[{"href":"https:\/\/linitiative.ca\/International\/wp-json\/wp\/v2\/posts"}],"about":[{"href":"https:\/\/linitiative.ca\/International\/wp-json\/wp\/v2\/types\/post"}],"author":[{"embeddable":true,"href":"https:\/\/linitiative.ca\/International\/wp-json\/wp\/v2\/users\/1789"}],"replies":[{"embeddable":true,"href":"https:\/\/linitiative.ca\/International\/wp-json\/wp\/v2\/comments?post=145113"}],"version-history":[{"count":0,"href":"https:\/\/linitiative.ca\/International\/wp-json\/wp\/v2\/posts\/145113\/revisions"}],"wp:attachment":[{"href":"https:\/\/linitiative.ca\/International\/wp-json\/wp\/v2\/media?parent=145113"}],"wp:term":[{"taxonomy":"category","embeddable":true,"href":"https:\/\/linitiative.ca\/International\/wp-json\/wp\/v2\/categories?post=145113"},{"taxonomy":"post_tag","embeddable":true,"href":"https:\/\/linitiative.ca\/International\/wp-json\/wp\/v2\/tags?post=145113"}],"curies":[{"name":"wp","href":"https:\/\/api.w.org\/{rel}","templated":true}]}}