{"id":145114,"date":"2022-04-09T17:01:37","date_gmt":"2022-04-09T21:01:37","guid":{"rendered":"https:\/\/linitiative.ca\/International\/tunisie-kais-saied-video-le-dialogue-sera-initie-avec-les-honnetes-et-non-pas-avec-les-traitres\/"},"modified":"2022-04-09T17:01:37","modified_gmt":"2022-04-09T21:01:37","slug":"tunisie-kais-saied-video-le-dialogue-sera-initie-avec-les-honnetes-et-non-pas-avec-les-traitres","status":"publish","type":"post","link":"https:\/\/linitiative.ca\/International\/tunisie-kais-saied-video-le-dialogue-sera-initie-avec-les-honnetes-et-non-pas-avec-les-traitres\/","title":{"rendered":"Tunisie- Kais Saied [VIDEO]: \u00ab Le dialogue sera initi\u00e9 avec les honn\u00eates\u2026 et non pas avec les traitres \u00bb"},"content":{"rendered":"<div>\n<p>Le pr\u00e9sident de la R\u00e9publique, Kais Saied a supervis\u00e9 aujourd\u2019hui, samedi 9 avril 2022, les travaux du conseil minist\u00e9riel, co\u00efncidant avec la Comm\u00e9moration de la F\u00eate des Martyrs. Au cours de cette rencontre, Sa\u00efd a pr\u00e9cis\u00e9 que le dialogue ne se fera qu\u2019avec d\u2019honn\u00eates patriotes \u00ab\u00a0loin de tous ceux qui se sont jet\u00e9s dans les [\u2026]<\/p>\n<p>L\u2019article <a href=\"https:\/\/www.tunisienumerique.com\/tunisie-kais-saied-video-le-dialogue-sera-initie-avec-les-honnetes-et-non-pas-avec-les-traitres\/\">Tunisie- Kais Saied [VIDEO]: \u00ab Le dialogue sera initi\u00e9 avec les honn\u00eates\u2026 et non pas avec les traitres \u00bb<\/a> est apparu en premier sur <a href=\"https:\/\/www.tunisienumerique.com\/\">Tunisie<\/a>.<\/p>\n<\/div>\n<p>Auteur: rania ben slimane<br \/>\n<a href=\"https:\/\/www.tunisienumerique.com\/tunisie-kais-saied-video-le-dialogue-sera-initie-avec-les-honnetes-et-non-pas-avec-les-traitres\/\">Cliquez ici pour lire l&rsquo;article depuis sa source.<\/a><\/p>\n","protected":false},"excerpt":{"rendered":"<p>Le pr\u00e9sident de la R\u00e9publique, Kais Saied a supervis\u00e9 aujourd\u2019hui, samedi 9 avril 2022, les travaux du conseil minist\u00e9riel, co\u00efncidant avec la Comm\u00e9moration de la F\u00eate des Martyrs. Au cours de cette rencontre, Sa\u00efd a pr\u00e9cis\u00e9 que le dialogue ne se fera qu\u2019avec d\u2019honn\u00eates patriotes \u00ab\u00a0loin de tous ceux qui se sont jet\u00e9s dans les [&hellip;]<\/p>\n","protected":false},"author":1789,"featured_media":0,"comment_status":"closed","ping_status":"closed","sticky":false,"template":"","format":"standard","meta":{"fifu_image_url":"","fifu_image_alt":"","footnotes":""},"categories":[73,55],"tags":[],"class_list":["post-145114","post","type-post","status-publish","format-standard","hentry","category-actualite","category-tunisie"],"_links":{"self":[{"href":"https:\/\/linitiative.ca\/International\/wp-json\/wp\/v2\/posts\/145114","targetHints":{"allow":["GET"]}}],"collection":[{"href":"https:\/\/linitiative.ca\/International\/wp-json\/wp\/v2\/posts"}],"about":[{"href":"https:\/\/linitiative.ca\/International\/wp-json\/wp\/v2\/types\/post"}],"author":[{"embeddable":true,"href":"https:\/\/linitiative.ca\/International\/wp-json\/wp\/v2\/users\/1789"}],"replies":[{"embeddable":true,"href":"https:\/\/linitiative.ca\/International\/wp-json\/wp\/v2\/comments?post=145114"}],"version-history":[{"count":0,"href":"https:\/\/linitiative.ca\/International\/wp-json\/wp\/v2\/posts\/145114\/revisions"}],"wp:attachment":[{"href":"https:\/\/linitiative.ca\/International\/wp-json\/wp\/v2\/media?parent=145114"}],"wp:term":[{"taxonomy":"category","embeddable":true,"href":"https:\/\/linitiative.ca\/International\/wp-json\/wp\/v2\/categories?post=145114"},{"taxonomy":"post_tag","embeddable":true,"href":"https:\/\/linitiative.ca\/International\/wp-json\/wp\/v2\/tags?post=145114"}],"curies":[{"name":"wp","href":"https:\/\/api.w.org\/{rel}","templated":true}]}}