{"id":145116,"date":"2022-04-09T17:16:01","date_gmt":"2022-04-09T21:16:01","guid":{"rendered":"https:\/\/linitiative.ca\/International\/tunisie-kais-saied-video-les-decrets-reglementaires-relatives-aux-societes-civiles-et-la-conciliation-penale-seront-promulgues-prochainement\/"},"modified":"2022-04-09T17:16:01","modified_gmt":"2022-04-09T21:16:01","slug":"tunisie-kais-saied-video-les-decrets-reglementaires-relatives-aux-societes-civiles-et-la-conciliation-penale-seront-promulgues-prochainement","status":"publish","type":"post","link":"https:\/\/linitiative.ca\/International\/tunisie-kais-saied-video-les-decrets-reglementaires-relatives-aux-societes-civiles-et-la-conciliation-penale-seront-promulgues-prochainement\/","title":{"rendered":"Tunisie-Kais Saied [VIDEO] : \u00ab Les d\u00e9crets r\u00e9glementaires relatives aux soci\u00e9t\u00e9s civiles et la conciliation p\u00e9nale seront promulgu\u00e9s prochainement\u00bb"},"content":{"rendered":"<div>\n<p>Le pr\u00e9sident de la R\u00e9publique, Kais Saied a supervis\u00e9 aujourd\u2019hui, samedi 9 avril 2022, les travaux du conseil minist\u00e9riel, co\u00efncidant avec la Journ\u00e9e des Martyrs. \u00ab\u00a0Nous poursuivrons notre travail avec r\u00e9silience pour r\u00e9aliser la volont\u00e9 de notre peuple repr\u00e9sent\u00e9e dans la libert\u00e9, la dignit\u00e9\u00a0et le droit au travail\u00bb, a-t-il affirm\u00e9. \u00ab Les d\u00e9crets r\u00e9glementaires relatives [\u2026]<\/p>\n<p>L\u2019article <a href=\"https:\/\/www.tunisienumerique.com\/tunisie-kais-saied-video-les-decrets-reglementaires-relatives-aux-societes-civiles-et-la-conciliation-penale-seront-promulgues-prochainement\/\">Tunisie-Kais Saied [VIDEO] : \u00ab Les d\u00e9crets r\u00e9glementaires relatives aux soci\u00e9t\u00e9s civiles et la conciliation p\u00e9nale seront promulgu\u00e9s prochainement\u00bb<\/a> est apparu en premier sur <a href=\"https:\/\/www.tunisienumerique.com\/\">Tunisie<\/a>.<\/p>\n<\/div>\n<p>Auteur: rania ben slimane<br \/>\n<a href=\"https:\/\/www.tunisienumerique.com\/tunisie-kais-saied-video-les-decrets-reglementaires-relatives-aux-societes-civiles-et-la-conciliation-penale-seront-promulgues-prochainement\/\">Cliquez ici pour lire l&rsquo;article depuis sa source.<\/a><\/p>\n","protected":false},"excerpt":{"rendered":"<p>Le pr\u00e9sident de la R\u00e9publique, Kais Saied a supervis\u00e9 aujourd\u2019hui, samedi 9 avril 2022, les travaux du conseil minist\u00e9riel, co\u00efncidant avec la Journ\u00e9e des Martyrs. \u00ab\u00a0Nous poursuivrons notre travail avec r\u00e9silience pour r\u00e9aliser la volont\u00e9 de notre peuple repr\u00e9sent\u00e9e dans la libert\u00e9, la dignit\u00e9\u00a0et le droit au travail\u00bb, a-t-il affirm\u00e9. \u00ab Les d\u00e9crets r\u00e9glementaires relatives [&hellip;]<\/p>\n","protected":false},"author":1789,"featured_media":0,"comment_status":"closed","ping_status":"closed","sticky":false,"template":"","format":"standard","meta":{"fifu_image_url":"","fifu_image_alt":"","footnotes":""},"categories":[73,55],"tags":[],"class_list":["post-145116","post","type-post","status-publish","format-standard","hentry","category-actualite","category-tunisie"],"_links":{"self":[{"href":"https:\/\/linitiative.ca\/International\/wp-json\/wp\/v2\/posts\/145116","targetHints":{"allow":["GET"]}}],"collection":[{"href":"https:\/\/linitiative.ca\/International\/wp-json\/wp\/v2\/posts"}],"about":[{"href":"https:\/\/linitiative.ca\/International\/wp-json\/wp\/v2\/types\/post"}],"author":[{"embeddable":true,"href":"https:\/\/linitiative.ca\/International\/wp-json\/wp\/v2\/users\/1789"}],"replies":[{"embeddable":true,"href":"https:\/\/linitiative.ca\/International\/wp-json\/wp\/v2\/comments?post=145116"}],"version-history":[{"count":0,"href":"https:\/\/linitiative.ca\/International\/wp-json\/wp\/v2\/posts\/145116\/revisions"}],"wp:attachment":[{"href":"https:\/\/linitiative.ca\/International\/wp-json\/wp\/v2\/media?parent=145116"}],"wp:term":[{"taxonomy":"category","embeddable":true,"href":"https:\/\/linitiative.ca\/International\/wp-json\/wp\/v2\/categories?post=145116"},{"taxonomy":"post_tag","embeddable":true,"href":"https:\/\/linitiative.ca\/International\/wp-json\/wp\/v2\/tags?post=145116"}],"curies":[{"name":"wp","href":"https:\/\/api.w.org\/{rel}","templated":true}]}}