{"id":145118,"date":"2022-04-09T10:52:03","date_gmt":"2022-04-09T14:52:03","guid":{"rendered":"https:\/\/linitiative.ca\/International\/hopital-yalgado-ouedraogo-des-stocks-de-produits-de-la-dialyse-consumes\/"},"modified":"2022-04-09T10:52:03","modified_gmt":"2022-04-09T14:52:03","slug":"hopital-yalgado-ouedraogo-des-stocks-de-produits-de-la-dialyse-consumes","status":"publish","type":"post","link":"https:\/\/linitiative.ca\/International\/hopital-yalgado-ouedraogo-des-stocks-de-produits-de-la-dialyse-consumes\/","title":{"rendered":"H\u00f4pital Yalgado Ou\u00e9draogo: Des stocks de produits de la dialyse consum\u00e9s"},"content":{"rendered":"<div>\n<p><strong>Un incendie a ravag\u00e9, le magasin de stockage des produits de la dialyse de l\u2019h\u00f4pital Yalgado Ou\u00e9draogo, dans la nuit du 7 avril 2022.<\/strong><\/p>\n<p><strong>\u00a0<\/strong>L\u2019incendie qui s\u2019est d\u00e9clar\u00e9 dans la nuit du 7 avril 2022 dans le magasin de stockage des produits de la dialyse a ravag\u00e9 tous les produits. A notre arriv\u00e9e sur les lieux du drame \u00e0 14 heures, le constat est alarmant\u00a0: des produits calcin\u00e9s, des murs noircis par la fum\u00e9e, des seringues \u00e0 moiti\u00e9 br\u00fbl\u00e9s\u2026Selon les t\u00e9moignages, l\u2019incendie s\u2019est d\u00e9clar\u00e9, la veille, aux environs de 21 heures, dans le magasin herm\u00e9tiquement ferm\u00e9.<\/p>\n<figure id=\"attachment_47882\" aria-describedby=\"caption-attachment-47882\" style=\"width: 677px\" class=\"wp-caption alignnone\"><img loading=\"lazy\" decoding=\"async\" class=\"wp-image-47882 \" src=\"https:\/\/linitiative.ca\/International\/wp-content\/uploads\/sites\/23\/2022\/04\/2-1.jpeg\" alt=\"\" width=\"677\" height=\"451\" srcset=\"https:\/\/linitiative.ca\/International\/wp-content\/uploads\/sites\/23\/2022\/04\/2-1.jpeg 1080w, https:\/\/www.sidwaya.info\/wp-content\/uploads\/2022\/04\/2-1-300x200.jpeg 300w, https:\/\/www.sidwaya.info\/wp-content\/uploads\/2022\/04\/2-1-1024x683.jpeg 1024w, https:\/\/www.sidwaya.info\/wp-content\/uploads\/2022\/04\/2-1-768x512.jpeg 768w, https:\/\/www.sidwaya.info\/wp-content\/uploads\/2022\/04\/2-1-150x100.jpeg 150w, https:\/\/www.sidwaya.info\/wp-content\/uploads\/2022\/04\/2-1-696x464.jpeg 696w, https:\/\/www.sidwaya.info\/wp-content\/uploads\/2022\/04\/2-1-1068x712.jpeg 1068w, https:\/\/www.sidwaya.info\/wp-content\/uploads\/2022\/04\/2-1-630x420.jpeg 630w\" sizes=\"auto, (max-width: 677px) 100vw, 677px\"><figcaption id=\"caption-attachment-47882\" class=\"wp-caption-text\">Tout le contenu du magasin est parti en fum\u00e9.<\/figcaption><\/figure>\n<p>En l\u2019absence du magasinier, ce sont les tenanciers du restaurant situ\u00e9 \u00e0 proximit\u00e9 du magasin qui ont donn\u00e9 les premiers cris d\u2019alerte. A leur arriv\u00e9, les sapeurs-pompiers \u00e9taient oblig\u00e9s de percer le mur pour y acc\u00e9der afin de maitriser les flammes. Du bilan, on note aucune perte en vie humaine, mais malheureusement d\u2019\u00e9normes d\u00e9g\u00e2ts mat\u00e9riels.<\/p>\n<figure id=\"attachment_47881\" aria-describedby=\"caption-attachment-47881\" style=\"width: 684px\" class=\"wp-caption alignnone\"><img decoding=\"async\" loading=\"lazy\" class=\"wp-image-47881 \" src=\"https:\/\/linitiative.ca\/International\/wp-content\/uploads\/sites\/23\/2022\/04\/1-1.jpeg\" alt=\"\" width=\"684\" height=\"456\" srcset=\"https:\/\/linitiative.ca\/International\/wp-content\/uploads\/sites\/23\/2022\/04\/1-1.jpeg 1080w, https:\/\/www.sidwaya.info\/wp-content\/uploads\/2022\/04\/1-1-300x200.jpeg 300w, https:\/\/www.sidwaya.info\/wp-content\/uploads\/2022\/04\/1-1-1024x683.jpeg 1024w, https:\/\/www.sidwaya.info\/wp-content\/uploads\/2022\/04\/1-1-768x512.jpeg 768w, https:\/\/www.sidwaya.info\/wp-content\/uploads\/2022\/04\/1-1-150x100.jpeg 150w, https:\/\/www.sidwaya.info\/wp-content\/uploads\/2022\/04\/1-1-696x464.jpeg 696w, https:\/\/www.sidwaya.info\/wp-content\/uploads\/2022\/04\/1-1-1068x712.jpeg 1068w, https:\/\/www.sidwaya.info\/wp-content\/uploads\/2022\/04\/1-1-630x420.jpeg 630w\" sizes=\"auto, (max-width: 684px) 100vw, 684px\"><figcaption id=\"caption-attachment-47881\" class=\"wp-caption-text\">Le chef du service n\u00e9phrologie et h\u00e9modialyse de l\u2019h\u00f4pital Yalgado Ou\u00e9draogo, Pr G\u00e9rard Coulibaly : \u00ab\u00a0L\u2019ampleur des d\u00e9g\u00e2ts est \u00e9norme. Le contenu du magasin est irr\u00e9cup\u00e9rable\u00a0\u00bb.<\/figcaption><\/figure>\n<p>Le magasin de stockage des produits, les concentr\u00e9s d\u2019acide <strong>\u00a0<\/strong>(10 litres), des reins artificiels, des lignes \u00e0 sang, eaux, aiguilles, les reins artificiels\u2026tous ont \u00e9t\u00e9 ravag\u00e9 par les flammes. <em>\u00ab\u00a0L\u2019ampleur des d\u00e9g\u00e2ts est \u00e9norme. Le contenu du magasin est irr\u00e9cup\u00e9rable. Le b\u00e2timent endommag\u00e9. Toutes les pertes n\u2019ont pas \u00e9t\u00e9 chiffr\u00e9es, mais pas de perte en vie humaine\u00a0\u00bb,<\/em> d\u00e9plore le chef du service n\u00e9phrologie et h\u00e9modialyse Pr G\u00e9rard Coulibaly. Rencontr\u00e9 dans l\u2019apr\u00e8s-midi du vendredi 8 avril 2022, la tristesse se lit sur le visage du pr\u00e9sident de l\u2019Association burkinab\u00e8 des dialys\u00e9s et insuffisants r\u00e9naux <strong>\u00a0<\/strong>(ABUDIR), Pr Albert Ou\u00e9draogo. <em>\u00ab<strong>\u00a0<\/strong>C\u2019est ce matin \u00e0 travers un coup de fil que le DG de l\u2019h\u00f4pital m\u2019a appris qu\u2019il y\u2019a eu un sinistre au niveau du magasin stockant les produits de la dialyse. Toute suite, j\u2019ai \u00e9t\u00e9 choqu\u00e9 parce les produits de la dialyse sont des produits de la vie. Si le magasin part en fum\u00e9e, c\u2019est-\u00e0-dire que la capacit\u00e9 de prendre en charge les malades va s\u2019en sentir affecter\u00a0\u00bb,<\/em> regrette le pr\u00e9sident Ou\u00e9draogo. Il ajoute\u00a0: <em>\u00ab\u00a0Il m\u2019a dit que les produits qui ont \u00e9t\u00e9 br\u00fbl\u00e9s sont de vieux stocks et que l\u2019h\u00f4pital \u00e9tait en attente d\u2019un nouvel arrivage pour lundi et la capacit\u00e9 op\u00e9rationnel de l\u2019h\u00f4pital reste intact. Cela ne va pas se ressentir sur la prise en charge des dialys\u00e9s\u00a0\u00bb.<\/em><\/p>\n<figure id=\"attachment_47884\" aria-describedby=\"caption-attachment-47884\" style=\"width: 681px\" class=\"wp-caption alignnone\"><img decoding=\"async\" loading=\"lazy\" class=\"wp-image-47884 \" src=\"https:\/\/linitiative.ca\/International\/wp-content\/uploads\/sites\/23\/2022\/04\/4.jpeg\" alt=\"\" width=\"681\" height=\"454\" srcset=\"https:\/\/linitiative.ca\/International\/wp-content\/uploads\/sites\/23\/2022\/04\/4.jpeg 1080w, https:\/\/www.sidwaya.info\/wp-content\/uploads\/2022\/04\/4-300x200.jpeg 300w, https:\/\/www.sidwaya.info\/wp-content\/uploads\/2022\/04\/4-1024x683.jpeg 1024w, https:\/\/www.sidwaya.info\/wp-content\/uploads\/2022\/04\/4-768x512.jpeg 768w, https:\/\/www.sidwaya.info\/wp-content\/uploads\/2022\/04\/4-150x100.jpeg 150w, https:\/\/www.sidwaya.info\/wp-content\/uploads\/2022\/04\/4-696x464.jpeg 696w, https:\/\/www.sidwaya.info\/wp-content\/uploads\/2022\/04\/4-1068x712.jpeg 1068w, https:\/\/www.sidwaya.info\/wp-content\/uploads\/2022\/04\/4-630x420.jpeg 630w\" sizes=\"auto, (max-width: 681px) 100vw, 681px\"><figcaption id=\"caption-attachment-47884\" class=\"wp-caption-text\">Le pr\u00e9sident de l\u2019ABUDIR, Pr Albert Ou\u00e9draogo sous le choc lors du constat des d\u00e9g\u00e2ts.<\/figcaption><\/figure>\n<p>Qu\u2019\u00e0 cela ne tienne, pour le moment, tous les malades sont sous le choc, confie M. Ou\u00e9draogo. Selon lui, pour un pays qui traverse plusieurs crises, un tel sinistre n\u2019est jamais bon. Mais, il salue l\u2019effort du Burkina pour prendre en charge tous ceux qui souffrent de la maladie r\u00e9nale, m\u00eame s\u2019il reste encore beaucoup \u00e0 faire. <em>\u00ab\u00a0C\u2019est vraiment des sacrifices que l\u2019Etat burkinab\u00e8 consent. Je demande aux malades de ne pas paniquer parce que les autorit\u00e9s ont dit que tout est mis en \u0153uvre pour y faire face\u00a0\u00bb,<\/em> lance Pr Ou\u00e9draogo.<\/p>\n<p><strong>Garder espoir<\/strong><\/p>\n<p>A en croire, le chef du service n\u00e9phrologie et h\u00e9modialyse de l\u2019h\u00f4pital Yalgado Ou\u00e9draogo, Pr G\u00e9rard Coulibaly, c\u2019est difficile de dire comment l\u2019incendie s\u2019est d\u00e9clar\u00e9e. <em>\u00ab\u00a0Nous avons demand\u00e9 le concours de la police scientifique pour nous aider \u00e0 pouvoir d\u00e9terminer l\u2019origine de cet incendie. C\u2019est la police scientifique qui nous dira si, c\u2019est accidentel ou criminel\u00a0\u00bb<\/em>, dit-il. Mais imm\u00e9diatement, rassure M. Coulibaly, cela n\u2019aura pas d\u2019impacts puisque de petits stocks de produits sont disponibles au sein du service. <em>\u00ab\u00a0Le fournisseur Nipro, nous a aussi rassur\u00e9 qu\u2019il n\u2019y aura pas de rupture \u00e0 cause de l\u2019incendie qui a ravag\u00e9 tout le contenu du b\u00e2timent. Mais psychologiquement, les malades, personnels, sont touch\u00e9s. Ils ont rassur\u00e9 qu\u2019il pas de soucis pour continuer la dialyse\u00a0\u00bb,<\/em> confirm\u00e9 Pr G\u00e9rard Coulibaly. Le pr\u00e9sident de l\u2019ABUDIR, Pr Albert Ou\u00e9draogo demande \u00e0 tous les malades de garder espoir. Car, confie-t-il\u00a0: <em>\u00ab\u00a0Comme les autorit\u00e9s ont pris en charge la question du sinistre, notre partenaire est l\u00e0, par la solidarit\u00e9 avec d\u2019autres centres de dialyse, il est clair que Yalgado ne sera pas en rupture\u00a0\u00bb.<\/em><\/p>\n<p>Abdel Aziz NABALOUM<\/p>\n<p><a href=\"mailto:emirathe@yahoo.fr\">emirathe@yahoo.fr<\/a><\/p>\n<p>\u00a0<\/p>\n<p>\u00a0<\/p>\n<p>L\u2019article <a rel=\"nofollow\" href=\"https:\/\/www.sidwaya.info\/blog\/2022\/04\/09\/hopital-yalgado-ouedraogo-des-stocks-de-produits-de-la-dialyse-consumes\/\">H\u00f4pital Yalgado Ou\u00e9draogo: Des stocks de produits de la dialyse consum\u00e9s<\/a> est apparu en premier sur <a rel=\"nofollow\" href=\"https:\/\/www.sidwaya.info\/\">Quotidien Sidwaya<\/a>.<\/p>\n<\/div>\n<p>Auteur: Wamini SIDWAYA<br \/>\n<a href=\"https:\/\/www.sidwaya.info\/blog\/2022\/04\/09\/hopital-yalgado-ouedraogo-des-stocks-de-produits-de-la-dialyse-consumes\/?utm_source=rss&#038;utm_medium=rss&#038;utm_campaign=hopital-yalgado-ouedraogo-des-stocks-de-produits-de-la-dialyse-consumes\">Cliquez ici pour lire l&rsquo;article depuis sa source.<\/a><\/p>\n","protected":false},"excerpt":{"rendered":"<p>Un incendie a ravag\u00e9, le magasin de stockage des produits de la dialyse de l\u2019h\u00f4pital Yalgado Ou\u00e9draogo, dans la nuit du 7 avril 2022. \u00a0L\u2019incendie qui s\u2019est d\u00e9clar\u00e9 dans la nuit du 7 avril 2022 dans le magasin de stockage des produits de la dialyse a ravag\u00e9 tous les produits. A notre arriv\u00e9e sur les [&hellip;]<\/p>\n","protected":false},"author":1816,"featured_media":0,"comment_status":"closed","ping_status":"closed","sticky":false,"template":"","format":"standard","meta":{"fifu_image_url":"https:\/\/www.sidwaya.info\/wp-content\/uploads\/2022\/04\/2-1.jpeg","fifu_image_alt":"H\u00f4pital Yalgado Ou\u00e9draogo: Des stocks de produits de la dialyse consum\u00e9s","footnotes":""},"categories":[73,81],"tags":[],"class_list":["post-145118","post","type-post","status-publish","format-standard","hentry","category-actualite","category-burkina-faso"],"_links":{"self":[{"href":"https:\/\/linitiative.ca\/International\/wp-json\/wp\/v2\/posts\/145118","targetHints":{"allow":["GET"]}}],"collection":[{"href":"https:\/\/linitiative.ca\/International\/wp-json\/wp\/v2\/posts"}],"about":[{"href":"https:\/\/linitiative.ca\/International\/wp-json\/wp\/v2\/types\/post"}],"author":[{"embeddable":true,"href":"https:\/\/linitiative.ca\/International\/wp-json\/wp\/v2\/users\/1816"}],"replies":[{"embeddable":true,"href":"https:\/\/linitiative.ca\/International\/wp-json\/wp\/v2\/comments?post=145118"}],"version-history":[{"count":0,"href":"https:\/\/linitiative.ca\/International\/wp-json\/wp\/v2\/posts\/145118\/revisions"}],"wp:attachment":[{"href":"https:\/\/linitiative.ca\/International\/wp-json\/wp\/v2\/media?parent=145118"}],"wp:term":[{"taxonomy":"category","embeddable":true,"href":"https:\/\/linitiative.ca\/International\/wp-json\/wp\/v2\/categories?post=145118"},{"taxonomy":"post_tag","embeddable":true,"href":"https:\/\/linitiative.ca\/International\/wp-json\/wp\/v2\/tags?post=145118"}],"curies":[{"name":"wp","href":"https:\/\/api.w.org\/{rel}","templated":true}]}}