{"id":145122,"date":"2022-04-08T22:18:03","date_gmt":"2022-04-09T02:18:03","guid":{"rendered":"https:\/\/linitiative.ca\/International\/decryptage-macron-na-pas-tenu-promesse-sur-lafrique-gilles-yabi\/"},"modified":"2022-04-08T22:18:03","modified_gmt":"2022-04-09T02:18:03","slug":"decryptage-macron-na-pas-tenu-promesse-sur-lafrique-gilles-yabi","status":"publish","type":"post","link":"https:\/\/linitiative.ca\/International\/decryptage-macron-na-pas-tenu-promesse-sur-lafrique-gilles-yabi\/","title":{"rendered":"Decryptage: \u00ab\u00a0Macron n\u2019a pas tenu promesse sur l\u2019Afrique\u00a0\u00bb (Gilles Yabi)"},"content":{"rendered":"<div>\n<p><img decoding=\"async\" width=\"828\" height=\"479\" src=\"https:\/\/linitiative.ca\/International\/wp-content\/uploads\/sites\/23\/2022\/04\/16494706838487.jpg\" class=\"attachment-post-thumbnail size-post-thumbnail wp-post-image\" alt=\"\" loading=\"lazy\" srcset=\"https:\/\/linitiative.ca\/International\/wp-content\/uploads\/sites\/23\/2022\/04\/16494706838487.jpg 828w, https:\/\/www.journalducameroun.com\/wp-content\/uploads\/2022\/04\/16494706838487-300x174.jpg 300w, https:\/\/www.journalducameroun.com\/wp-content\/uploads\/2022\/04\/16494706838487-768x444.jpg 768w, https:\/\/www.journalducameroun.com\/wp-content\/uploads\/2022\/04\/16494706838487-761x440.jpg 761w, https:\/\/www.journalducameroun.com\/wp-content\/uploads\/2022\/04\/16494706838487-600x347.jpg 600w\" sizes=\"auto, (max-width: 828px) 100vw, 828px\"><\/p>\n<p>Analyste politique, docteur en \u00e9conomie, Gilles Yabi directeur du think tank ouest africain Wathi, d\u00e9crypte pour APA News l&rsquo;\u00e9lection pr\u00e9sidentielle fran\u00e7aise de ce dimanche vue d&rsquo;Afrique.Pourquoi l&rsquo;\u00e9lection pr\u00e9sidentielle organis\u00e9e en France,\u00a0dont le premier tour est pr\u00e9vu dimanche 10 avril, \u00a0int\u00e9resse-t-elle les Africains ?<\/p>\n<p>Toute l&rsquo;Afrique ne s&rsquo;int\u00e9resse pas de la m\u00eame mani\u00e8re \u00e0 la vie politique fran\u00e7aise. Ce sont les pays qui ont des relations particuli\u00e8res avec la France notamment les anciennes colonies fran\u00e7aises qui s&rsquo;int\u00e9ressent \u00e0 l&rsquo;\u00e9lection organis\u00e9 ce dimanche.<\/p>\n<p>Je ne suis s\u00fbr qu&rsquo;au Botswana, en Afrique du Sud ou au Kenya, on s&rsquo;int\u00e9resse \u00e0 cette pr\u00e9sidentielle. Par contre, dans les pays africains francophones, il y a toujours un int\u00e9r\u00eat \u00e0 la vie politique fran\u00e7aise, dans la mesure o\u00f9 celle-ci a, souvent, un impact sur les d\u00e9veloppements politiques, \u00e9conomiques et s\u00e9curitaires dans ces pays.\u00a0C&rsquo;est donc normal que ce qui se joue en France soit toujours surveill\u00e9 par les \u00e9lites dirigeantes des ces pays francophones africains<\/p>\n<p>Quelle est la place de l&rsquo;Afrique dans la campagne \u00e9lectorale pour cette pr\u00e9sidentielle en France\u00a0? Est-elle centrale ou marginale ?<\/p>\n<p>Dans tous les pays du monde, les \u00e9lecteurs ont tendance \u00e0 se focaliser sur les questions qui ont un impactent direct sur leur vie quotidienne: l&rsquo;\u00e9conomie, l&#8217;emploi le ch\u00f4mage, parfois aussi les probl\u00e8mes de s\u00e9curit\u00e9 int\u00e9rieure.<br \/>\n\tCette \u00e9lection pr\u00e9sidentielle en France intervient, cependant, dans un contexte particulier.<\/p>\n<p>Au-del\u00e0 des questions habituelles \u00e9conomiques, sociales ou de politiques int\u00e9rieure, il y a\u00a0la guerre entre la Russie et l&rsquo;Ukraine qui d\u00e9stabilise profond\u00e9ment l&rsquo;Europe et qui a des impacts \u00e9conomiques imm\u00e9diats, y compris sur les questions \u00e9nerg\u00e9tiques. C&rsquo;est donc naturellement que la guerre en Ukraine s&rsquo;est impos\u00e9e comme sujet majeur de la campagne\u00a0pr\u00e9sidentielle en France. Cette situation pourrait d&rsquo;ailleurs \u00eatre une des raisons qui expliquent que l&rsquo;Afrique soit moins pr\u00e9sente dans cette campagne que d&rsquo;habitude.<\/p>\n<p>Pourtant, on aurait pu avoir un sujet comme la guerre contre les groupes jihadistes au Mali, comme sujet important dans cette campagne pr\u00e9sidentielle. Mais le d\u00e9sengagement militaire de la France au Mali plusieurs mois avant cette pr\u00e9sidentielle a permis\u00a0de sortir ce dossier tr\u00e8s important et sensible \u00e0 la fois du d\u00e9bat entre les candidats. Le sujet n&rsquo;aurait pas plaid\u00e9 en faveur d&rsquo;Emmanuel Macron, le pr\u00e9sident sortant, face \u00e0 ses adversaires.<\/p>\n<p>Comme par le pass\u00e9, le seul \u00e9l\u00e9ment qui tient \u00e0 la fois de la \u00a0politique int\u00e9rieure et ext\u00e9rieure est la question de l&rsquo;immigration. Et Comme d&rsquo;habitude, le sujet tient une certaine place dans les discours de campagne d&rsquo;une partie des candidats, surtout ceux situ\u00e9s \u00e0 l&rsquo;extr\u00eame droite de l&rsquo;\u00e9chiquier politique. Les propos particuli\u00e8rement outrageants tenus sur la question par un candidat comme Eric Zemmour illustre parfaitement l&rsquo;obsession qu&rsquo;entretient l&rsquo;extr\u00eame-droite fran\u00e7aise autour de l&rsquo;immigration.\u00a0<\/p>\n<p>Dans son discours \u00e0 l&rsquo;universit\u00e9 de Ouagadougou, Burkina-Faso,\u00a0six mois apr\u00e8s son entr\u00e9e \u00e0 l&rsquo;Elys\u00e9e, Emmanuel Macron avait annonc\u00e9 \u00ab la fin de la politique africaine de la France \u00bb. A-t-il tenu promesse ?<\/p>\n<p>J&rsquo;ai l&rsquo;impression qu&rsquo;il s&rsquo;agissait d&rsquo;un lapsus lorsque le pr\u00e9sident Macron d\u00e9clarait la fin de la politique fran\u00e7aise en Afrique. On s&rsquo;est demand\u00e9 qu&rsquo;est-ce qu&rsquo;il voulait dire exactement.<br \/>\n\tTous les pays ont des politiques ext\u00e9rieures en direction des diff\u00e9rentes parties du monde. Cela n&rsquo;a pas de sens de parler de la fin de la politique fran\u00e7aise en Afrique, puisqu&rsquo;il y a toujours \u00e0 l&rsquo;\u00e9gard des pays africains une politique et au-del\u00e0 \u00e0 l&rsquo;\u00e9gard du continent de mani\u00e8re plus global. Je crois qu&rsquo;il voulait dire plut\u00f4t la fin de la \u00ab France-Afrique \u00bb, ce mod\u00e8le de rapports qui remonte aux ind\u00e9pendances et qui est bas\u00e9 sur une conception particuli\u00e8rement in\u00e9galitaire, donc, contestable des relations entre la France et ses anciennes colonies africaines. Je crois que c&rsquo;est ce qu&rsquo;il voulait dire. Est-ce qu&rsquo;il a tenu promesse ? Je ne le pense pas.<\/p>\n<p>Pour revenir au fameux discours de Macron devant les \u00e9crivains de l&rsquo;universit\u00e9 de Ouagadougou, il a \u00e9t\u00e9 prononc\u00e9 dans un contexte o\u00f9 ce pays et la sous-r\u00e9gion \u00e9taient dans une situation nettement diff\u00e9rentes celle qui y pr\u00e9vaut aujourd&rsquo;hui. \u00a0Des coups d&rsquo;\u00e9tat ont renvers\u00e9 les r\u00e9gimes qui \u00e9taient en place \u00e0 Bamako, \u00e0 Conakry et \u00e0 Ouagadougou. Il y a une forte tr\u00e8s tension entre la France et le Mali. Les opinions publiques dans beaucoup de pays du Sahel et en Afrique expriment, aujourd&rsquo;hui, des positions tr\u00e8s n\u00e9gative sur l&rsquo;influence fran\u00e7aise. \u00c0 mon avis, la perception africaine n&rsquo;est pas celle d&rsquo;un changement profond dans la politique africaine de la France. Je pense qu&rsquo;on a retrouv\u00e9 avec le pr\u00e9sident Emmanuel Macron, dans le ton et un peu dans les formes, les m\u00eames tendances qu&rsquo;on d\u00e9non\u00e7ait jusque-l\u00e0 qui donnaient l&rsquo;impression que le continent africain est trait\u00e9 avec condescendance et pas de la m\u00eame mani\u00e8re que d&rsquo;autres r\u00e9gions du monde.<\/p>\n<p>Cet article <a rel=\"nofollow\" href=\"https:\/\/www.journalducameroun.com\/decryptage-macron-na-pas-tenu-promesse-sur-lafrique-gilles-yabi\/\">Decryptage: \u00ab\u00a0Macron n\u2019a pas tenu promesse sur l\u2019Afrique\u00a0\u00bb (Gilles Yabi)<\/a> est apparu en premier sur <a rel=\"nofollow\" href=\"https:\/\/www.journalducameroun.com\/\">Journal du Cameroun<\/a>.<\/p>\n<\/div>\n<p>Auteur: APA News<br \/>\n<a href=\"https:\/\/www.journalducameroun.com\/decryptage-macron-na-pas-tenu-promesse-sur-lafrique-gilles-yabi\/\">Cliquez ici pour lire l&rsquo;article depuis sa source.<\/a><\/p>\n","protected":false},"excerpt":{"rendered":"<p>Analyste politique, docteur en \u00e9conomie, Gilles Yabi directeur du think tank ouest africain Wathi, d\u00e9crypte pour APA News l&rsquo;\u00e9lection pr\u00e9sidentielle fran\u00e7aise de ce dimanche vue d&rsquo;Afrique.Pourquoi l&rsquo;\u00e9lection pr\u00e9sidentielle organis\u00e9e en France,\u00a0dont le premier tour est pr\u00e9vu dimanche 10 avril, \u00a0int\u00e9resse-t-elle les Africains ? Toute l&rsquo;Afrique ne s&rsquo;int\u00e9resse pas de la m\u00eame mani\u00e8re \u00e0 la vie [&hellip;]<\/p>\n","protected":false},"author":1965,"featured_media":0,"comment_status":"closed","ping_status":"closed","sticky":false,"template":"","format":"standard","meta":{"fifu_image_url":"https:\/\/www.journalducameroun.com\/wp-content\/uploads\/2022\/04\/16494706838487.jpg","fifu_image_alt":"Decryptage: \u00ab\u00a0Macron n\u2019a pas tenu promesse sur l\u2019Afrique\u00a0\u00bb (Gilles Yabi)","footnotes":""},"categories":[73,82],"tags":[],"class_list":["post-145122","post","type-post","status-publish","format-standard","hentry","category-actualite","category-cameroun"],"_links":{"self":[{"href":"https:\/\/linitiative.ca\/International\/wp-json\/wp\/v2\/posts\/145122","targetHints":{"allow":["GET"]}}],"collection":[{"href":"https:\/\/linitiative.ca\/International\/wp-json\/wp\/v2\/posts"}],"about":[{"href":"https:\/\/linitiative.ca\/International\/wp-json\/wp\/v2\/types\/post"}],"author":[{"embeddable":true,"href":"https:\/\/linitiative.ca\/International\/wp-json\/wp\/v2\/users\/1965"}],"replies":[{"embeddable":true,"href":"https:\/\/linitiative.ca\/International\/wp-json\/wp\/v2\/comments?post=145122"}],"version-history":[{"count":0,"href":"https:\/\/linitiative.ca\/International\/wp-json\/wp\/v2\/posts\/145122\/revisions"}],"wp:attachment":[{"href":"https:\/\/linitiative.ca\/International\/wp-json\/wp\/v2\/media?parent=145122"}],"wp:term":[{"taxonomy":"category","embeddable":true,"href":"https:\/\/linitiative.ca\/International\/wp-json\/wp\/v2\/categories?post=145122"},{"taxonomy":"post_tag","embeddable":true,"href":"https:\/\/linitiative.ca\/International\/wp-json\/wp\/v2\/tags?post=145122"}],"curies":[{"name":"wp","href":"https:\/\/api.w.org\/{rel}","templated":true}]}}