{"id":145124,"date":"2022-04-09T03:18:03","date_gmt":"2022-04-09T07:18:03","guid":{"rendered":"https:\/\/linitiative.ca\/International\/guinee-report-du-proces-de-lex-pm-kassory-fofana-cie\/"},"modified":"2022-04-09T03:18:03","modified_gmt":"2022-04-09T07:18:03","slug":"guinee-report-du-proces-de-lex-pm-kassory-fofana-cie","status":"publish","type":"post","link":"https:\/\/linitiative.ca\/International\/guinee-report-du-proces-de-lex-pm-kassory-fofana-cie\/","title":{"rendered":"Guin\u00e9e : report du proc\u00e8s de l\u2019ex-Pm Kassory Fofana &amp; Cie"},"content":{"rendered":"<div>\n<p><img decoding=\"async\" width=\"268\" height=\"188\" src=\"https:\/\/linitiative.ca\/International\/wp-content\/uploads\/sites\/23\/2022\/04\/16494886833565.jpg\" class=\"attachment-post-thumbnail size-post-thumbnail wp-post-image\" alt=\"\" loading=\"lazy\"><\/p>\n<p>Le chef du dernier gouvernement du pr\u00e9sident d\u00e9chu, Alpha Cond\u00e9, a \u00e9t\u00e9 plac\u00e9 sous mandat mercredi dernier.Ibrahima Kassory Fofana, ancien Premier guin\u00e9en et trois de ses anciens ministres devront encore attendre pour \u00eatre \u00e9difi\u00e9s sur leur sort. Leur proc\u00e8s pr\u00e9vu ce lundi 11 avril devant la Cour de r\u00e9pression des infractions \u00e9conomiques et financi\u00e8res (Crief) est report\u00e9. Celle-ci a renvoy\u00e9 en instruction l&rsquo;affaire d&rsquo;enrichissement illicite et de d\u00e9tournement de deniers publics pour laquelle l&rsquo;ex-Premier ministre et ses coinculp\u00e9s sont poursuivis.<\/p>\n<p>Au terme d&rsquo;enqu\u00eates de la Crief, Ibrahima Kassory Fofana, Mohamed Dian\u00e9, Diakaria Koulibaly et Oy\u00e9 Guilavogui ont \u00e9t\u00e9 inculp\u00e9s le 6 avril dernier et plac\u00e9s sous mandat de d\u00e9p\u00f4t \u00e0 la maison centrale de Conakry.<\/p>\n<p>Cet article <a rel=\"nofollow\" href=\"https:\/\/www.journalducameroun.com\/guinee-report-du-proces-de-lex-pm-kassory-fofana-cie\/\">Guin\u00e9e : report du proc\u00e8s de l\u2019ex-Pm Kassory Fofana &amp; Cie<\/a> est apparu en premier sur <a rel=\"nofollow\" href=\"https:\/\/www.journalducameroun.com\/\">Journal du Cameroun<\/a>.<\/p>\n<\/div>\n<p>Auteur: APA News<br \/>\n<a href=\"https:\/\/www.journalducameroun.com\/guinee-report-du-proces-de-lex-pm-kassory-fofana-cie\/\">Cliquez ici pour lire l&rsquo;article depuis sa source.<\/a><\/p>\n","protected":false},"excerpt":{"rendered":"<p>Le chef du dernier gouvernement du pr\u00e9sident d\u00e9chu, Alpha Cond\u00e9, a \u00e9t\u00e9 plac\u00e9 sous mandat mercredi dernier.Ibrahima Kassory Fofana, ancien Premier guin\u00e9en et trois de ses anciens ministres devront encore attendre pour \u00eatre \u00e9difi\u00e9s sur leur sort. Leur proc\u00e8s pr\u00e9vu ce lundi 11 avril devant la Cour de r\u00e9pression des infractions \u00e9conomiques et financi\u00e8res (Crief) [&hellip;]<\/p>\n","protected":false},"author":1965,"featured_media":0,"comment_status":"closed","ping_status":"closed","sticky":false,"template":"","format":"standard","meta":{"fifu_image_url":"https:\/\/www.journalducameroun.com\/wp-content\/uploads\/2022\/04\/16494886833565.jpg","fifu_image_alt":"<div>Guin\u00e9e : report du proc\u00e8s de l\u2019ex-Pm Kassory Fofana & Cie<\/div>","footnotes":""},"categories":[73,82],"tags":[],"class_list":["post-145124","post","type-post","status-publish","format-standard","hentry","category-actualite","category-cameroun"],"_links":{"self":[{"href":"https:\/\/linitiative.ca\/International\/wp-json\/wp\/v2\/posts\/145124","targetHints":{"allow":["GET"]}}],"collection":[{"href":"https:\/\/linitiative.ca\/International\/wp-json\/wp\/v2\/posts"}],"about":[{"href":"https:\/\/linitiative.ca\/International\/wp-json\/wp\/v2\/types\/post"}],"author":[{"embeddable":true,"href":"https:\/\/linitiative.ca\/International\/wp-json\/wp\/v2\/users\/1965"}],"replies":[{"embeddable":true,"href":"https:\/\/linitiative.ca\/International\/wp-json\/wp\/v2\/comments?post=145124"}],"version-history":[{"count":0,"href":"https:\/\/linitiative.ca\/International\/wp-json\/wp\/v2\/posts\/145124\/revisions"}],"wp:attachment":[{"href":"https:\/\/linitiative.ca\/International\/wp-json\/wp\/v2\/media?parent=145124"}],"wp:term":[{"taxonomy":"category","embeddable":true,"href":"https:\/\/linitiative.ca\/International\/wp-json\/wp\/v2\/categories?post=145124"},{"taxonomy":"post_tag","embeddable":true,"href":"https:\/\/linitiative.ca\/International\/wp-json\/wp\/v2\/tags?post=145124"}],"curies":[{"name":"wp","href":"https:\/\/api.w.org\/{rel}","templated":true}]}}