{"id":145126,"date":"2022-04-09T08:18:03","date_gmt":"2022-04-09T12:18:03","guid":{"rendered":"https:\/\/linitiative.ca\/International\/niger-cisse-ibrahim-ousmane-ecroue\/"},"modified":"2022-04-09T08:18:03","modified_gmt":"2022-04-09T12:18:03","slug":"niger-cisse-ibrahim-ousmane-ecroue","status":"publish","type":"post","link":"https:\/\/linitiative.ca\/International\/niger-cisse-ibrahim-ousmane-ecroue\/","title":{"rendered":"Niger : Ciss\u00e9 Ibrahim Ousmane \u00e9crou\u00e9"},"content":{"rendered":"<div>\n<p><img decoding=\"async\" width=\"224\" height=\"225\" src=\"https:\/\/linitiative.ca\/International\/wp-content\/uploads\/sites\/23\/2022\/04\/16495066843859.jpg\" class=\"attachment-post-thumbnail size-post-thumbnail wp-post-image\" alt=\"\" loading=\"lazy\" srcset=\"https:\/\/linitiative.ca\/International\/wp-content\/uploads\/sites\/23\/2022\/04\/16495066843859.jpg 224w, https:\/\/www.journalducameroun.com\/wp-content\/uploads\/2022\/04\/16495066843859-150x150.jpg 150w, https:\/\/www.journalducameroun.com\/wp-content\/uploads\/2022\/04\/16495066843859-60x60.jpg 60w, https:\/\/www.journalducameroun.com\/wp-content\/uploads\/2022\/04\/16495066843859-100x100.jpg 100w\" sizes=\"auto, (max-width: 224px) 100vw, 224px\"><\/p>\n<p>L&rsquo;ancien ministre de l&rsquo;Int\u00e9rieur est accus\u00e9 d&rsquo; \u00ab atteinte \u00e0 la s\u00fbret\u00e9 de l&rsquo;Etat \u00bb dans la tentative du putsch du 31 mars 2021.La tentative de coup d&rsquo;\u00e9tat \u00e0 laquelle serait impliqu\u00e9e Ciss\u00e9 Ibrahim Ousmane est survenue deux jours avant l&rsquo;investiture de l&rsquo;actuel pr\u00e9sident nig\u00e9rien, Mohamed Bazoum.<\/p>\n<p>Ciss\u00e9 Ibrahim Ousman, proche parent du g\u00e9n\u00e9ral Salou Djibo qui a renvers\u00e9 le pr\u00e9sident Tanja Mamadou, \u00e9tait jusqu&rsquo;\u00e0 son arrestation Ambassadeur de son pays au Tchad.<\/p>\n<p>Cet article <a rel=\"nofollow\" href=\"https:\/\/www.journalducameroun.com\/niger-cisse-ibrahim-ousmane-ecroue\/\">Niger : Ciss\u00e9 Ibrahim Ousmane \u00e9crou\u00e9<\/a> est apparu en premier sur <a rel=\"nofollow\" href=\"https:\/\/www.journalducameroun.com\/\">Journal du Cameroun<\/a>.<\/p>\n<\/div>\n<p>Auteur: APA News<br \/>\n<a href=\"https:\/\/www.journalducameroun.com\/niger-cisse-ibrahim-ousmane-ecroue\/\">Cliquez ici pour lire l&rsquo;article depuis sa source.<\/a><\/p>\n","protected":false},"excerpt":{"rendered":"<p>L&rsquo;ancien ministre de l&rsquo;Int\u00e9rieur est accus\u00e9 d&rsquo; \u00ab atteinte \u00e0 la s\u00fbret\u00e9 de l&rsquo;Etat \u00bb dans la tentative du putsch du 31 mars 2021.La tentative de coup d&rsquo;\u00e9tat \u00e0 laquelle serait impliqu\u00e9e Ciss\u00e9 Ibrahim Ousmane est survenue deux jours avant l&rsquo;investiture de l&rsquo;actuel pr\u00e9sident nig\u00e9rien, Mohamed Bazoum. Ciss\u00e9 Ibrahim Ousman, proche parent du g\u00e9n\u00e9ral Salou [&hellip;]<\/p>\n","protected":false},"author":1965,"featured_media":0,"comment_status":"closed","ping_status":"closed","sticky":false,"template":"","format":"standard","meta":{"fifu_image_url":"https:\/\/www.journalducameroun.com\/wp-content\/uploads\/2022\/04\/16495066843859.jpg","fifu_image_alt":"Niger : Ciss\u00e9 Ibrahim Ousmane \u00e9crou\u00e9","footnotes":""},"categories":[73,82],"tags":[],"class_list":["post-145126","post","type-post","status-publish","format-standard","hentry","category-actualite","category-cameroun"],"_links":{"self":[{"href":"https:\/\/linitiative.ca\/International\/wp-json\/wp\/v2\/posts\/145126","targetHints":{"allow":["GET"]}}],"collection":[{"href":"https:\/\/linitiative.ca\/International\/wp-json\/wp\/v2\/posts"}],"about":[{"href":"https:\/\/linitiative.ca\/International\/wp-json\/wp\/v2\/types\/post"}],"author":[{"embeddable":true,"href":"https:\/\/linitiative.ca\/International\/wp-json\/wp\/v2\/users\/1965"}],"replies":[{"embeddable":true,"href":"https:\/\/linitiative.ca\/International\/wp-json\/wp\/v2\/comments?post=145126"}],"version-history":[{"count":0,"href":"https:\/\/linitiative.ca\/International\/wp-json\/wp\/v2\/posts\/145126\/revisions"}],"wp:attachment":[{"href":"https:\/\/linitiative.ca\/International\/wp-json\/wp\/v2\/media?parent=145126"}],"wp:term":[{"taxonomy":"category","embeddable":true,"href":"https:\/\/linitiative.ca\/International\/wp-json\/wp\/v2\/categories?post=145126"},{"taxonomy":"post_tag","embeddable":true,"href":"https:\/\/linitiative.ca\/International\/wp-json\/wp\/v2\/tags?post=145126"}],"curies":[{"name":"wp","href":"https:\/\/api.w.org\/{rel}","templated":true}]}}