{"id":145128,"date":"2022-04-09T08:18:04","date_gmt":"2022-04-09T12:18:04","guid":{"rendered":"https:\/\/linitiative.ca\/International\/legislatives-gambiennes-jour-de-test-pour-le-president-barrow\/"},"modified":"2022-04-09T08:18:04","modified_gmt":"2022-04-09T12:18:04","slug":"legislatives-gambiennes-jour-de-test-pour-le-president-barrow","status":"publish","type":"post","link":"https:\/\/linitiative.ca\/International\/legislatives-gambiennes-jour-de-test-pour-le-president-barrow\/","title":{"rendered":"L\u00e9gislatives gambiennes: jour de test pour le pr\u00e9sident Barrow"},"content":{"rendered":"<div>\n<p><img decoding=\"async\" width=\"276\" height=\"183\" src=\"https:\/\/linitiative.ca\/International\/wp-content\/uploads\/sites\/23\/2022\/04\/16495066847034.jpg\" class=\"attachment-post-thumbnail size-post-thumbnail wp-post-image\" alt=\"\" loading=\"lazy\"><\/p>\n<p>R\u00e9\u00e9lu pour un second mandat \u00e0 l&rsquo;issue de la pr\u00e9sidentielle du 4 d\u00e9cembre 2021, le chef de l&rsquo;\u00c9tat gambien esp\u00e8re consolider son pouvoir avec une majorit\u00e9 parlementaire.Top de d\u00e9part pour les \u00e9lections l\u00e9gislatives en Gambie. Les bureaux de vote ont ouvert \u00e0 8 heures et devront fermer \u00e0 17 heures TU, conform\u00e9ment \u00e0 la loi \u00e9lectorale du pays.<\/p>\n<p>Au terme d&rsquo;une campagne \u00e9lectorale d&rsquo;un mois ayant pris fin jeudi 7 avril, les \u00e9lecteurs \u00e9lisent ce samedi 53 d\u00e9put\u00e9s de l&rsquo;Assembl\u00e9e nationale, les 5 autres parmi lesquels le pr\u00e9sident de l&rsquo;institution parlementaire devant \u00eatre nomm\u00e9s par le pr\u00e9sident de la R\u00e9publique.<\/p>\n<p>La chambre sortante est domin\u00e9e par le Parti d\u00e9mocratique unifi\u00e9 (UDP) de l&rsquo;opposant Ousainou Darboe, rival malheureux du chef de l&rsquo;Etat \u00e0 la pr\u00e9sidentielle de d\u00e9cembre dernier. Mais le Parti national du peuple (NPP), formation politique du pr\u00e9sident Adama Barrow, cr\u00e9\u00e9 en 2020 apr\u00e8s l&rsquo;\u00e9clatement de la coalition l&rsquo;ayant port\u00e9 au pouvoir contre Yahya Jammeh en 2016 vise la majorit\u00e9 au Parlement.<\/p>\n<p>Si le pouvoir obtient la majorit\u00e9 parlementaire, \u00a0la nouvelle l\u00e9gislature aura comme principale t\u00e2che l&rsquo;adoption d&rsquo;une nouvelle Constitution, jug\u00e9e indispensable par les partenaires internationaux de la Gambie pour y consolider la d\u00e9mocratie notamment en contenant les pouvoirs du pr\u00e9sident.<\/p>\n<p>Le pr\u00e9sident Barrow a promis que ce chantier serait achev\u00e9 \u00e0 la fin de son mandat, mais le Parlement sortant a rejet\u00e9, en septembre 2020, un projet de Constitution instituant une limite de deux mandats pr\u00e9sidentiels.<\/p>\n<p>Cet article <a rel=\"nofollow\" href=\"https:\/\/www.journalducameroun.com\/legislatives-gambiennes-jour-de-test-pour-le-president-barrow\/\">L\u00e9gislatives gambiennes: jour de test pour le pr\u00e9sident Barrow<\/a> est apparu en premier sur <a rel=\"nofollow\" href=\"https:\/\/www.journalducameroun.com\/\">Journal du Cameroun<\/a>.<\/p>\n<\/div>\n<p>Auteur: APA News<br \/>\n<a href=\"https:\/\/www.journalducameroun.com\/legislatives-gambiennes-jour-de-test-pour-le-president-barrow\/\">Cliquez ici pour lire l&rsquo;article depuis sa source.<\/a><\/p>\n","protected":false},"excerpt":{"rendered":"<p>R\u00e9\u00e9lu pour un second mandat \u00e0 l&rsquo;issue de la pr\u00e9sidentielle du 4 d\u00e9cembre 2021, le chef de l&rsquo;\u00c9tat gambien esp\u00e8re consolider son pouvoir avec une majorit\u00e9 parlementaire.Top de d\u00e9part pour les \u00e9lections l\u00e9gislatives en Gambie. Les bureaux de vote ont ouvert \u00e0 8 heures et devront fermer \u00e0 17 heures TU, conform\u00e9ment \u00e0 la loi [&hellip;]<\/p>\n","protected":false},"author":1965,"featured_media":0,"comment_status":"closed","ping_status":"closed","sticky":false,"template":"","format":"standard","meta":{"fifu_image_url":"https:\/\/www.journalducameroun.com\/wp-content\/uploads\/2022\/04\/16495066847034.jpg","fifu_image_alt":"L\u00e9gislatives gambiennes: jour de test pour le pr\u00e9sident Barrow","footnotes":""},"categories":[73,82],"tags":[],"class_list":["post-145128","post","type-post","status-publish","format-standard","hentry","category-actualite","category-cameroun"],"_links":{"self":[{"href":"https:\/\/linitiative.ca\/International\/wp-json\/wp\/v2\/posts\/145128","targetHints":{"allow":["GET"]}}],"collection":[{"href":"https:\/\/linitiative.ca\/International\/wp-json\/wp\/v2\/posts"}],"about":[{"href":"https:\/\/linitiative.ca\/International\/wp-json\/wp\/v2\/types\/post"}],"author":[{"embeddable":true,"href":"https:\/\/linitiative.ca\/International\/wp-json\/wp\/v2\/users\/1965"}],"replies":[{"embeddable":true,"href":"https:\/\/linitiative.ca\/International\/wp-json\/wp\/v2\/comments?post=145128"}],"version-history":[{"count":0,"href":"https:\/\/linitiative.ca\/International\/wp-json\/wp\/v2\/posts\/145128\/revisions"}],"wp:attachment":[{"href":"https:\/\/linitiative.ca\/International\/wp-json\/wp\/v2\/media?parent=145128"}],"wp:term":[{"taxonomy":"category","embeddable":true,"href":"https:\/\/linitiative.ca\/International\/wp-json\/wp\/v2\/categories?post=145128"},{"taxonomy":"post_tag","embeddable":true,"href":"https:\/\/linitiative.ca\/International\/wp-json\/wp\/v2\/tags?post=145128"}],"curies":[{"name":"wp","href":"https:\/\/api.w.org\/{rel}","templated":true}]}}