{"id":145130,"date":"2022-04-09T09:18:03","date_gmt":"2022-04-09T13:18:03","guid":{"rendered":"https:\/\/linitiative.ca\/International\/politique-et-securite-alimentaire-au-menu-des-quotidiens-et-hebdomadaires-marocains\/"},"modified":"2022-04-09T09:18:03","modified_gmt":"2022-04-09T13:18:03","slug":"politique-et-securite-alimentaire-au-menu-des-quotidiens-et-hebdomadaires-marocains","status":"publish","type":"post","link":"https:\/\/linitiative.ca\/International\/politique-et-securite-alimentaire-au-menu-des-quotidiens-et-hebdomadaires-marocains\/","title":{"rendered":"Politique et s\u00e9curit\u00e9 alimentaire au menu des quotidiens et hebdomadaires marocains"},"content":{"rendered":"<div>\n<p><img decoding=\"async\" width=\"287\" height=\"176\" src=\"https:\/\/linitiative.ca\/International\/wp-content\/uploads\/sites\/23\/2022\/04\/16495102832821.jpg\" class=\"attachment-post-thumbnail size-post-thumbnail wp-post-image\" alt=\"\" loading=\"lazy\"><\/p>\n<p>Les relations entre le Maroc et l&rsquo;Espagne et l&rsquo;\u00e9tat de la s\u00e9curit\u00e9 alimentaire dans le Royaume sont les principaux sujets trait\u00e9s par les quotidiens et hebdomadaires marocains parus ce samedi.+Challenge+ \u00e9crit qu&rsquo;entre le Maroc et l&rsquo;Espagne, les relations bilat\u00e9rales ont une profondeur historique exceptionnelle et qu&rsquo;elles n&rsquo;ont jamais \u00e9t\u00e9 lin\u00e9aires ou statiques, mais plut\u00f4t multidimensionnelles.<\/p>\n<p>Dans cette crise de confiance, qui a perturb\u00e9 s\u00e9rieusement les rapports entre les deux \u00c9tats, l&rsquo;Espagne a bien compris le poids strat\u00e9gique de son voisin du Sud et surtout la n\u00e9cessit\u00e9 urgente de construire des rapports de respect r\u00e9ciproque et de transparence, souligne le journal.<\/p>\n<p>\u00ab\u00a0Aujourd&rsquo;hui, la page est tourn\u00e9e. L&rsquo;avenir exige la construction de nouveaux rapports, tout en consolidant les acquis dans plusieurs domaines\u00a0\u00bb, soutient-il, soulignant que le partenariat \u00e9conomique bilat\u00e9ral a d\u00e9j\u00e0 connu un grand essor au cours des dix derni\u00e8res ann\u00e9es.<\/p>\n<p>La reconnaissance officielle par l&rsquo;Espagne de la proposition marocaine d&rsquo;autonomie des provinces marocaines du Sud du Royaume est \u00ab\u00a0le signal d&rsquo;une \u00e9volution irr\u00e9versible\u00a0\u00bb vers la construction d&rsquo;un avenir commun, rel\u00e8ve-t-il.<\/p>\n<p>+Al Akhbar+ rapporte que Pedro Sanchez a veill\u00e9 \u00e0 r\u00e9it\u00e9rer la position de l&rsquo;Espagne sur le dossier du Sahara marocain en consid\u00e9rant \u00able plan marocain d&rsquo;autonomie comme \u00e9tant la base la plus s\u00e9rieuse, r\u00e9aliste et cr\u00e9dible pour r\u00e9gler le diff\u00e9rend\u00bb.<\/p>\n<p>Au terme de ces discussions, les deux pays ont convenu de prendre des actions concr\u00e8tes pour redynamiser leur coop\u00e9ration dans le cadre d&rsquo;une feuille de route \u00abpermanente et ambitieuse\u00bb.<\/p>\n<p>Une feuille de route qui d\u00e9terminera les priorit\u00e9s pour le prochain sommet de haut niveau pr\u00e9vu pour la fin de l&rsquo;ann\u00e9e. Les deux parties se sont mis d&rsquo;accord pour traiter les sujets d&rsquo;int\u00e9r\u00eat commun dans un climat de confiance et de concertation loin des actions unilat\u00e9rales et du fait accompli. De ce fait, il a \u00e9t\u00e9 convenu de reprendre la circulation des personnes et des biens ainsi que les liaisons maritimes de voyageurs tout en pr\u00e9parant le lancement de l&rsquo;op\u00e9ration \u00abMarhaba\u00bb.<\/p>\n<p>Le quotidien rapporte que les deux pays vont r\u00e9activer le groupe de travail charg\u00e9 de d\u00e9limiter les espaces maritimes sur la fa\u00e7ade atlantique. Une instance dont l&rsquo;objectif est de r\u00e9aliser des avanc\u00e9es sur ce dossier. La d\u00e9claration conjointe souligne, par ailleurs, que les deux parties vont renforcer leur coop\u00e9ration dans le domaine de l&rsquo;immigration lors d&rsquo;une r\u00e9union pr\u00e9vue prochainement par le groupe de travail maroco-espagnonl charg\u00e9 de ce dossier. Les deux pays devraient, en outre, r\u00e9activer le trait\u00e9 d&rsquo;amiti\u00e9 de bon voisinage et de coop\u00e9ration de 1991 sur la base des principes et des priorit\u00e9s qui d\u00e9finiront les relations bilat\u00e9rales dans les prochaines ann\u00e9es.<\/p>\n<p>+La Vie \u00c9co+ \u00e9crit que malgr\u00e9 le flux de consommation de bl\u00e9 d\u00e9j\u00e0 \u00e9lev\u00e9, et qui s&rsquo;est probablement amplifi\u00e9 avec le mois de Ramadan, le Maroc n&rsquo;a pas entam\u00e9 ses pr\u00e9cieuses r\u00e9serves de s\u00e9curit\u00e9 ou du moins les a reconstitu\u00e9es rapidement.<\/p>\n<p>Cela n&rsquo;est pas du tout anodin, surtout en pareille conjoncture internationale, o\u00f9 la r\u00e9colte des deux plus grands producteurs de bl\u00e9 tendre et fournisseurs du Maroc pour cette mati\u00e8re, que sont la Russie et l&rsquo;Ukraine, est d\u00e9finitivement compromise, et ce pour au moins deux ann\u00e9es.<\/p>\n<p>Avec un tel manque d&rsquo;offre sur les march\u00e9s internationaux, un double effet imm\u00e9diat ne s&rsquo;est pas fait attendre : la raret\u00e9 et, comme cons\u00e9quence directe, une flamb\u00e9e des prix, constate-t-il.<\/p>\n<p>Le d\u00e9clenchement de ce m\u00e9canisme est tout aussi valable pour d&rsquo;autres denr\u00e9es, notamment les engrais, les hydrocarbures, le gaz ou encore d&rsquo;autres mati\u00e8res premi\u00e8res comme les minerais, sans oublier les produits d&rsquo;\u00e9quipement et industriels, mais dans le cas du bl\u00e9, la situation est particuli\u00e8rement compliqu\u00e9e, voire explosive, estime-t-il.<\/p>\n<p>Alors que beaucoup de pays, en Afrique notamment, font d\u00e9j\u00e0 \u00e9tat de situations de d\u00e9but de famine, faute d&rsquo;approvisionnement, les m\u00e9nages marocains, quant \u00e0 eux, connus pour \u00eatre parmi les plus grands consommateurs de pain au monde, ont pu acheter leur pain et leur bl\u00e9 sans s&rsquo;inqui\u00e9ter des prix, encore moins de p\u00e9nurie, note-t-il.<\/p>\n<p>Cet article <a rel=\"nofollow\" href=\"https:\/\/www.journalducameroun.com\/politique-et-securite-alimentaire-au-menu-des-quotidiens-et-hebdomadaires-marocains\/\">Politique et s\u00e9curit\u00e9 alimentaire au menu des quotidiens et hebdomadaires marocains<\/a> est apparu en premier sur <a rel=\"nofollow\" href=\"https:\/\/www.journalducameroun.com\/\">Journal du Cameroun<\/a>.<\/p>\n<\/div>\n<p>Auteur: APA News<br \/>\n<a href=\"https:\/\/www.journalducameroun.com\/politique-et-securite-alimentaire-au-menu-des-quotidiens-et-hebdomadaires-marocains\/\">Cliquez ici pour lire l&rsquo;article depuis sa source.<\/a><\/p>\n","protected":false},"excerpt":{"rendered":"<p>Les relations entre le Maroc et l&rsquo;Espagne et l&rsquo;\u00e9tat de la s\u00e9curit\u00e9 alimentaire dans le Royaume sont les principaux sujets trait\u00e9s par les quotidiens et hebdomadaires marocains parus ce samedi.+Challenge+ \u00e9crit qu&rsquo;entre le Maroc et l&rsquo;Espagne, les relations bilat\u00e9rales ont une profondeur historique exceptionnelle et qu&rsquo;elles n&rsquo;ont jamais \u00e9t\u00e9 lin\u00e9aires ou statiques, mais plut\u00f4t multidimensionnelles. [&hellip;]<\/p>\n","protected":false},"author":1965,"featured_media":0,"comment_status":"closed","ping_status":"closed","sticky":false,"template":"","format":"standard","meta":{"fifu_image_url":"https:\/\/www.journalducameroun.com\/wp-content\/uploads\/2022\/04\/16495102832821.jpg","fifu_image_alt":"Politique et s\u00e9curit\u00e9 alimentaire au menu des quotidiens et hebdomadaires marocains","footnotes":""},"categories":[73,82],"tags":[],"class_list":["post-145130","post","type-post","status-publish","format-standard","hentry","category-actualite","category-cameroun"],"_links":{"self":[{"href":"https:\/\/linitiative.ca\/International\/wp-json\/wp\/v2\/posts\/145130","targetHints":{"allow":["GET"]}}],"collection":[{"href":"https:\/\/linitiative.ca\/International\/wp-json\/wp\/v2\/posts"}],"about":[{"href":"https:\/\/linitiative.ca\/International\/wp-json\/wp\/v2\/types\/post"}],"author":[{"embeddable":true,"href":"https:\/\/linitiative.ca\/International\/wp-json\/wp\/v2\/users\/1965"}],"replies":[{"embeddable":true,"href":"https:\/\/linitiative.ca\/International\/wp-json\/wp\/v2\/comments?post=145130"}],"version-history":[{"count":0,"href":"https:\/\/linitiative.ca\/International\/wp-json\/wp\/v2\/posts\/145130\/revisions"}],"wp:attachment":[{"href":"https:\/\/linitiative.ca\/International\/wp-json\/wp\/v2\/media?parent=145130"}],"wp:term":[{"taxonomy":"category","embeddable":true,"href":"https:\/\/linitiative.ca\/International\/wp-json\/wp\/v2\/categories?post=145130"},{"taxonomy":"post_tag","embeddable":true,"href":"https:\/\/linitiative.ca\/International\/wp-json\/wp\/v2\/tags?post=145130"}],"curies":[{"name":"wp","href":"https:\/\/api.w.org\/{rel}","templated":true}]}}