{"id":145132,"date":"2022-04-09T04:45:48","date_gmt":"2022-04-09T08:45:48","guid":{"rendered":"https:\/\/linitiative.ca\/International\/extreme-nord-les-consommateurs-se-plaignent-de-la-hausse-des-prix-des-cereales\/"},"modified":"2022-04-09T04:45:48","modified_gmt":"2022-04-09T08:45:48","slug":"extreme-nord-les-consommateurs-se-plaignent-de-la-hausse-des-prix-des-cereales","status":"publish","type":"post","link":"https:\/\/linitiative.ca\/International\/extreme-nord-les-consommateurs-se-plaignent-de-la-hausse-des-prix-des-cereales\/","title":{"rendered":"Extr\u00eame-nord\u00a0: les consommateurs se plaignent de la hausse des prix des c\u00e9r\u00e9ales"},"content":{"rendered":"<div>\n<p>C\u2019est une v\u00e9ritable flamb\u00e9e de prix \u00e0 Maroua, le chef-lieu de la r\u00e9gion de l\u2019Extr\u00eame-nord. En l\u2019espace de six mois, on observe une tendance haussi\u00e8re g\u00e9n\u00e9ralis\u00e9e. Aucun commer\u00e7ant ne livre ses produits \u00e0 moins de 28\u00a0000 FCFA le sac de 100 kg. Ainsi, au march\u00e9 Para, r\u00e9put\u00e9 pour l\u2019accessibilit\u00e9 de ses prix, en ce qui concerne le mil, ce sac est pass\u00e9 de 15\u00a0000 FCFA \u00e0 la veille des f\u00eates de fin d\u2019ann\u00e9e \u00e0 28\u00a0000 FCFA. Au cours de la m\u00eame p\u00e9riode, c\u2019est en double d\u00e9tente que le prix du sac de 100 kg de ma\u00efs a connu une augmentation. Initialement tax\u00e9 \u00e0 18\u00a0000 FCFA \u00e0 en novembre 2021, il est d\u2019abord pass\u00e9 \u00e0 23\u00a0500 en janvier 2022, puis, \u00e0 25\u00a0000 FCFA depuis le 3 avril 2022.<\/p>\n<p><strong>Lire aussi : <a href=\"https:\/\/ecomatin.net\/insecurite-alimentaire-des-oiseaux-granivores-s-ravagent-pres-de-2-500-hectares-de-cultures-a-lextreme-nord\/\" target=\"_blank\" rel=\"noreferrer noopener\">Ins\u00e9curit\u00e9 alimentaire\u00a0: des\u00a0oiseaux granivores ravagent pr\u00e8s de 2\u2009500 hectares de cultures \u00e0 l\u2019Extr\u00eame-Nord<\/a><\/strong><\/p>\n<p>Du coup, devant ces prix prohibitifs, les populations locales pensent de plus en plus \u00e0 l\u2019alternative du riz. Surtout que l\u2019on ne comprend pas pourquoi les prix grimpent alors que, selon un habitant de Maroua, \u00ab\u00a0nous sommes en fin de campagne agricole et que les prix devraient chuter du fait de l\u2019abondance des produits c\u00e9r\u00e9aliers sur le march\u00e9\u00a0\u00bb. Seulement, des sources locales d\u00e9noncent le comportement de certains producteurs qui ont vendu leurs r\u00e9coltes avant la fin de la saison. \u00ab\u00a0Il devient alors difficile de se procurer les produits aupr\u00e8s d\u2019eux et ils ne peuvent plus fixer les prix bord champs\u00a0\u00bb.<\/p>\n<p>A l\u2019origine de cette situation qui fr\u00f4le l\u2019ins\u00e9curit\u00e9 alimentaire, et selon les habitu\u00e9s du milieu et des habitudes, \u00ab\u00a0la voracit\u00e9 des soci\u00e9t\u00e9s brassicoles mais aussi leur surface financi\u00e8re qui les autorise \u00e0 acheter \u00e0 co\u00fbts \u00e9lev\u00e9s de grandes quantit\u00e9s de productions \u00e0 m\u00eame de leur garantir des stocks de s\u00e9curit\u00e9 en p\u00e9riode de soudure\u00a0\u00bb. Une information confirm\u00e9e par les concern\u00e9s qui admettent que \u00ab\u00a0c\u2019est pendant les r\u00e9coltes que nous faisons de bonnes affaires afin de stabiliser nos stocks\u00a0\u00bb.<\/p>\n<p><strong>Lire aussi : <a href=\"https:\/\/ecomatin.net\/insecurite-alimentaire-une-menace-de-famine-plane-sur-pres-dun-million-de-personnes-a-lextreme-nord\/\" target=\"_blank\" rel=\"noreferrer noopener\">Ins\u00e9curit\u00e9 alimentaire : une menace de famine plane sur pr\u00e8s d\u2019un million de personnes \u00e0 l\u2019Extr\u00eame-nord<\/a><\/strong><\/p>\n<p>Outre les soci\u00e9t\u00e9s brassicoles, l\u2019on indexe \u00e9galement \u00ab\u00a0les commer\u00e7ants qui ont les gros moyens\u00a0\u00bb. Ceux-ci sont accus\u00e9s d\u2019\u00ab\u00a0acheter toute la production dans nos villages\u00a0\u00bb. Des consommateurs en qu\u00eate de produits c\u00e9r\u00e9aliers r\u00e9v\u00e8lent que \u00ab\u00a0r\u00e9guli\u00e8rement, il arrive que les r\u00e9coltes soient achet\u00e9es un an \u00e0 l\u2019avance par ces commer\u00e7ants\u00a0\u00bb. C\u2019est ainsi que des producteurs des d\u00e9partements du Mayo-Kani et du Mayo-Tsanaga ont vendu leurs productions de cette campagne agricole depuis mai 2021. \u00ab\u00a0Et le tout, \u00e0 vil prix\u00a0\u00bb, \u00e9ructe un client qui a cherch\u00e9 en vain le mil dans ces deux d\u00e9partements de l\u2019Extr\u00eame-nord. \u00ab\u00a0Ce sont ces gens qui provoquent la p\u00e9nurie alors que, s\u2019ils s\u2019\u00e9taient comport\u00e9s de mani\u00e8re vertueuses, le march\u00e9 des c\u00e9r\u00e9ales ne conna\u00eetrait jamais d\u2019inflation parce que les r\u00e9coltes peuvent largement suffire aux populations locales\u00a0\u00bb, poursuit notre interlocuteur.<\/p>\n<p><strong>Lire aussi : <a href=\"https:\/\/ecomatin.net\/extreme-nord-la-chenille-legionnaire-detruit-15-500-hectares-de-sorgho\/\" target=\"_blank\" rel=\"noreferrer noopener\">Extr\u00eame-nord : la chenille l\u00e9gionnaire d\u00e9truit 15 500 hectares de sorgho<\/a><\/strong><\/p>\n<p>Pour rappel, les constats faits une fois de plus dans le secteur de la production c\u00e9r\u00e9ali\u00e8re avaient d\u00e9j\u00e0 attir\u00e9 l\u2019attention de la repr\u00e9sentation locale Bureau des Nations unies pour la coordination des affaires humanitaires (Ocha) et de l\u2019ONG Action contre la faim (ACF). D\u00e9but mars 2022, les deux entit\u00e9s avaient tir\u00e9 la sonnette d\u2019alarme sur \u00ab\u00a0environ 901\u2009042 personnes qui auront beaucoup de mal \u00e0 s\u2019alimenter dans les prochains mois dans la r\u00e9gion de l\u2019Extr\u00eame-nord.\u00a0\u00bb Si \u00e0 l\u2019\u00e9poque, elles excipaient des raisons \u00ab\u00a0s\u00e9curitaires et climatiques\u00a0\u00bb, l\u2019on observe qu\u2019aujourd\u2019hui, la menace d\u2019une famine \u00e0 l\u2019Extr\u00eame-nord est \u00e9galement la cause de p\u00e9nuries caus\u00e9es par la cupidit\u00e9 de certains producteurs.<\/p>\n<p>L\u2019article <a rel=\"nofollow\" href=\"https:\/\/ecomatin.net\/extreme-nord-les-consommateurs-s-se-plaignent-de-la-hausse-des-prix-des-cereales\/\">Extr\u00eame-nord\u00a0: les consommateurs se plaignent de la hausse des prix des c\u00e9r\u00e9ales<\/a> est apparu en premier sur <a rel=\"nofollow\" href=\"https:\/\/ecomatin.net\/\">EcoMatin<\/a>.<\/p>\n<\/div>\n<p>Auteur: Bernard Bangda<br \/>\n<a href=\"https:\/\/ecomatin.net\/extreme-nord-les-consommateurs-s-se-plaignent-de-la-hausse-des-prix-des-cereales\/\">Cliquez ici pour lire l&rsquo;article depuis sa source.<\/a><\/p>\n","protected":false},"excerpt":{"rendered":"<p>C\u2019est une v\u00e9ritable flamb\u00e9e de prix \u00e0 Maroua, le chef-lieu de la r\u00e9gion de l\u2019Extr\u00eame-nord. En l\u2019espace de six mois, on observe une tendance haussi\u00e8re g\u00e9n\u00e9ralis\u00e9e. Aucun commer\u00e7ant ne livre ses produits \u00e0 moins de 28\u00a0000 FCFA le sac de 100 kg. Ainsi, au march\u00e9 Para, r\u00e9put\u00e9 pour l\u2019accessibilit\u00e9 de ses prix, en ce qui [&hellip;]<\/p>\n","protected":false},"author":1969,"featured_media":0,"comment_status":"closed","ping_status":"closed","sticky":false,"template":"","format":"standard","meta":{"fifu_image_url":"","fifu_image_alt":"","footnotes":""},"categories":[82,78],"tags":[],"class_list":["post-145132","post","type-post","status-publish","format-standard","hentry","category-cameroun","category-economie"],"_links":{"self":[{"href":"https:\/\/linitiative.ca\/International\/wp-json\/wp\/v2\/posts\/145132","targetHints":{"allow":["GET"]}}],"collection":[{"href":"https:\/\/linitiative.ca\/International\/wp-json\/wp\/v2\/posts"}],"about":[{"href":"https:\/\/linitiative.ca\/International\/wp-json\/wp\/v2\/types\/post"}],"author":[{"embeddable":true,"href":"https:\/\/linitiative.ca\/International\/wp-json\/wp\/v2\/users\/1969"}],"replies":[{"embeddable":true,"href":"https:\/\/linitiative.ca\/International\/wp-json\/wp\/v2\/comments?post=145132"}],"version-history":[{"count":0,"href":"https:\/\/linitiative.ca\/International\/wp-json\/wp\/v2\/posts\/145132\/revisions"}],"wp:attachment":[{"href":"https:\/\/linitiative.ca\/International\/wp-json\/wp\/v2\/media?parent=145132"}],"wp:term":[{"taxonomy":"category","embeddable":true,"href":"https:\/\/linitiative.ca\/International\/wp-json\/wp\/v2\/categories?post=145132"},{"taxonomy":"post_tag","embeddable":true,"href":"https:\/\/linitiative.ca\/International\/wp-json\/wp\/v2\/tags?post=145132"}],"curies":[{"name":"wp","href":"https:\/\/api.w.org\/{rel}","templated":true}]}}