{"id":145134,"date":"2022-04-09T08:45:46","date_gmt":"2022-04-09T12:45:46","guid":{"rendered":"https:\/\/linitiative.ca\/International\/assemblee-nationale-lhemicycle-fait-son-plein-apres-le-courroux-de-cavaye-yeguie-djibril\/"},"modified":"2022-04-09T08:45:46","modified_gmt":"2022-04-09T12:45:46","slug":"assemblee-nationale-lhemicycle-fait-son-plein-apres-le-courroux-de-cavaye-yeguie-djibril","status":"publish","type":"post","link":"https:\/\/linitiative.ca\/International\/assemblee-nationale-lhemicycle-fait-son-plein-apres-le-courroux-de-cavaye-yeguie-djibril\/","title":{"rendered":"Assembl\u00e9e nationale\u00a0: l\u2019h\u00e9micycle fait son plein apr\u00e8s le courroux de Cavaye Yeguie Djibril"},"content":{"rendered":"<div>\n<p>La col\u00e8re du pr\u00e9sident de l\u2019Assembl\u00e9e nationale (PAN), Cavaye Yegui\u00e9 Djibril, face \u00e0 l\u2019absent\u00e9isme des parlementaires a eu un effet positif. Les d\u00e9put\u00e9s ont r\u00e9pondu tous pr\u00e9sents ce jour \u00e0 l\u2019occasion de la cl\u00f4ture de la session parlementaire du mois de Mars. Leur absence avait tendance \u00e0 se g\u00e9n\u00e9raliser d\u00e9nonce, l\u2019honorable Koupit Adamou \u00e0 la sortie de l\u2019h\u00e9micycle.<\/p>\n<p><strong>Lire aussi : <a href=\"https:\/\/ecomatin.net\/greve-des-enseignants-la-solution-du-gouvernement-presentee-aux-deputes\/\">Gr\u00e8ve des enseignants : la solution du gouvernement pr\u00e9sent\u00e9e aux d\u00e9put\u00e9s\u00a0<\/a><\/strong><\/p>\n<p>Pour l\u2019\u00e9lu de l\u2019Udc, le PAN avait vu juste. \u00ab\u00a0Il y avait une tendance \u00e0 l\u2019absent\u00e9isme qui se g\u00e9n\u00e9ralisait et qui n\u2019avait pas de justification. Lorsque nous venons en session, on a l\u2019obligation de participer aux s\u00e9ances pl\u00e9ni\u00e8res et \u00e0 toute autres activit\u00e9s organis\u00e9es par l\u2019Assembl\u00e9e nationale\u00a0\u00bb, a-t-il pr\u00e9cis\u00e9. Et d\u2019ajouter\u00a0: \u00ab\u00a0Il ne fallait pas plus pour qu\u2019il tire la sonnette d\u2019alarme. Je pense que cela a eu de l\u2019effet parce que par la suite, nous avons vu des si\u00e8ges qui \u00e9taient d\u2019habitude vides \u00eatre occup\u00e9s lors des s\u00e9ances qui suivaient cette sortie muscl\u00e9e du PAN\u00a0\u00bb.<\/p>\n<p><strong>Lire aussi : <a href=\"https:\/\/ecomatin.net\/cavaye-yeguie-djibril-sinsurge-contre-labsenteisme-repetee-des-s-deputes-a-lhemicycle\/\">Cavaye Yegui\u00e9 Djibril s\u2019insurge contre l\u2019absent\u00e9isme r\u00e9p\u00e9t\u00e9e des d\u00e9put\u00e9s \u00e0 l\u2019h\u00e9micycle\u00a0<\/a><\/strong><\/p>\n<p>Cette sortie muscl\u00e9e du Pr\u00e9sident de l\u2019Assembl\u00e9e nationale a fait transpirer l\u2019Assembl\u00e9e. L\u2019opinion publique s\u2019est sentie choqu\u00e9e par cet absent\u00e9isme notoire. Au Parti camerounais pour la r\u00e9conciliation nationale (Pcrn), le discours du PAN de lundi dernier n\u2019est pas pass\u00e9 inaper\u00e7u. \u00ab\u00a0Pour ce qui est de l\u2019absent\u00e9isme des d\u00e9put\u00e9s, je pense que chacun devrait parler en son nom. Chacun sait pourquoi il ne vient pas. Vous avez qu\u2019aujourd\u2019hui, tout le monde \u00e9tait pr\u00e9sent\u00a0\u00bb, a lanc\u00e9Nourane Moluh Hassana.<\/p>\n<p><strong>Lire aussi : <a href=\"https:\/\/ecomatin.net\/au-cameroun-les-deputes-veulent-sinvestir-dans-s-la-promotion-et-le-recyclage-des-dechets\/\">Au Cameroun, les d\u00e9put\u00e9s veulent s\u2019investir dans la promotion et le recyclage des d\u00e9chets<\/a><\/strong><\/p>\n<p>Au Rassemblement d\u00e9mocratique du peuple camerounais (Rdpc), on joue \u00e0 l\u2019apaisement. Certains justifient d\u2019ailleurs ces absences par les audiences accord\u00e9es au cours de la session de Mars. C\u2019est le cas d\u2019un \u00e9lu de la circonscription du Bui Centre, r\u00e9gion du Nord-Ouest. \u00ab\u00a0Le PAN a indiqu\u00e9 que la plupart des parlementaires \u00e9taient absents \u00e0 l\u2019Assembl\u00e9e nationale. La plupart du temps, les d\u00e9put\u00e9s sont en audience, sp\u00e9cialement pendant la session de Mars. \u00c7a pourrait \u00eatre une excuse. On ne l\u2019a pas connu avant\u00a0\u00bb.<\/p>\n<p><strong>Lire aussi : <a href=\"https:\/\/ecomatin.net\/au-mois-de-fevrier-2022-1168-dossiers-s-devacuation-sanitaires-ont-ete-deposes-au-minsante\/\">Au mois de f\u00e9vrier 2022, 1168 dossiers d\u2019\u00e9vacuation sanitaires ont \u00e9t\u00e9 d\u00e9pos\u00e9s au Minsant\u00e9<\/a><\/strong><\/p>\n<p>Le pr\u00e9sident de l\u2019Assembl\u00e9e nationale a quitt\u00e9 le Palais des congr\u00e8s avec l\u2019espoir de retrouver tous les d\u00e9put\u00e9s de cette 10<sup>\u00e8me<\/sup>\u00a0l\u00e9gislature au mois de juin prochain.<\/p>\n<p>L\u2019article <a rel=\"nofollow\" href=\"https:\/\/ecomatin.net\/assemblee-nationale-lhemicycle-fait-son-plein-apres-le-courroux-de-cavaye-yeguie-djibril\/\">Assembl\u00e9e nationale\u00a0: l\u2019h\u00e9micycle fait son plein apr\u00e8s le courroux de Cavaye Yeguie Djibril<\/a> est apparu en premier sur <a rel=\"nofollow\" href=\"https:\/\/ecomatin.net\/\">EcoMatin<\/a>.<\/p>\n<\/div>\n<p>Auteur: EcoMatin<br \/>\n<a href=\"https:\/\/ecomatin.net\/assemblee-nationale-lhemicycle-fait-son-plein-apres-le-courroux-de-cavaye-yeguie-djibril\/\">Cliquez ici pour lire l&rsquo;article depuis sa source.<\/a><\/p>\n","protected":false},"excerpt":{"rendered":"<p>La col\u00e8re du pr\u00e9sident de l\u2019Assembl\u00e9e nationale (PAN), Cavaye Yegui\u00e9 Djibril, face \u00e0 l\u2019absent\u00e9isme des parlementaires a eu un effet positif. Les d\u00e9put\u00e9s ont r\u00e9pondu tous pr\u00e9sents ce jour \u00e0 l\u2019occasion de la cl\u00f4ture de la session parlementaire du mois de Mars. Leur absence avait tendance \u00e0 se g\u00e9n\u00e9raliser d\u00e9nonce, l\u2019honorable Koupit Adamou \u00e0 la [&hellip;]<\/p>\n","protected":false},"author":1969,"featured_media":0,"comment_status":"closed","ping_status":"closed","sticky":false,"template":"","format":"standard","meta":{"fifu_image_url":"","fifu_image_alt":"","footnotes":""},"categories":[82,78],"tags":[],"class_list":["post-145134","post","type-post","status-publish","format-standard","hentry","category-cameroun","category-economie"],"_links":{"self":[{"href":"https:\/\/linitiative.ca\/International\/wp-json\/wp\/v2\/posts\/145134","targetHints":{"allow":["GET"]}}],"collection":[{"href":"https:\/\/linitiative.ca\/International\/wp-json\/wp\/v2\/posts"}],"about":[{"href":"https:\/\/linitiative.ca\/International\/wp-json\/wp\/v2\/types\/post"}],"author":[{"embeddable":true,"href":"https:\/\/linitiative.ca\/International\/wp-json\/wp\/v2\/users\/1969"}],"replies":[{"embeddable":true,"href":"https:\/\/linitiative.ca\/International\/wp-json\/wp\/v2\/comments?post=145134"}],"version-history":[{"count":0,"href":"https:\/\/linitiative.ca\/International\/wp-json\/wp\/v2\/posts\/145134\/revisions"}],"wp:attachment":[{"href":"https:\/\/linitiative.ca\/International\/wp-json\/wp\/v2\/media?parent=145134"}],"wp:term":[{"taxonomy":"category","embeddable":true,"href":"https:\/\/linitiative.ca\/International\/wp-json\/wp\/v2\/categories?post=145134"},{"taxonomy":"post_tag","embeddable":true,"href":"https:\/\/linitiative.ca\/International\/wp-json\/wp\/v2\/tags?post=145134"}],"curies":[{"name":"wp","href":"https:\/\/api.w.org\/{rel}","templated":true}]}}