{"id":145135,"date":"2022-04-09T09:18:42","date_gmt":"2022-04-09T13:18:42","guid":{"rendered":"https:\/\/linitiative.ca\/International\/le-cameroun-a-exporte-57-523-tonnes-de-banane-dessert-au-premier-trimestre-2022\/"},"modified":"2022-04-09T09:18:42","modified_gmt":"2022-04-09T13:18:42","slug":"le-cameroun-a-exporte-57-523-tonnes-de-banane-dessert-au-premier-trimestre-2022","status":"publish","type":"post","link":"https:\/\/linitiative.ca\/International\/le-cameroun-a-exporte-57-523-tonnes-de-banane-dessert-au-premier-trimestre-2022\/","title":{"rendered":"Le Cameroun a export\u00e9 57\u00a0523 tonnes de banane dessert au premier trimestre 2022"},"content":{"rendered":"<div>\n<p>22\u00a0604 tonnes. C\u2019est la quantit\u00e9 de banane que le Cameroun a export\u00e9 pour le compte du mois de mars, selon les donn\u00e9es compil\u00e9es et rendues publiques par l\u2019Association banani\u00e8re du Cameroun (Assobacam). De fa\u00e7on particuli\u00e8re pour les diff\u00e9rents op\u00e9rateurs impliqu\u00e9s dans le secteur l\u2019on a 19\u00a0240 tonnes pour les Plantations du Haut Penja (PHP), 1\u00a0982 tonnes pour la Cameroon development coorporation (CDC) et 1\u00a0382 tonnes pour la Boh Plantation (B PL).<\/p>\n<p><strong>Lire aussi : <a href=\"https:\/\/ecomatin.net\/au-mois-de-fevrier-le-cameroun-a-exporte-16-525-tonnes-de-banane-dessert\/\" target=\"_blank\" rel=\"noreferrer noopener\">Au mois de f\u00e9vrier, le Cameroun a export\u00e9\u00a016\u00a0525 tonnes de banane dessert\u00a0<\/a><\/strong><\/p>\n<p>A l\u2019analyse, ces exportations affichent une hausse de 6\u00a0079 tonnes (36,78%), par rapport au 16\u00a0525 tonnes export\u00e9es au mois de f\u00e9vrier 2022. Si l\u2019on observe au cas par cas, les exportations de PHP ont grimp\u00e9 de 5\u00a0031 tonnes (35,40%)\u00a0; celles de CDC de 838 tonnes (73,25%) et celles de B PL de 210 tonnes (17,91%).<\/p>\n<p>\u00a0Sur tout l\u2019ensemble du premier trimestre de l\u2019ann\u00e9e 2022 ce sont au total 57\u00a0523 tonnes de bananes qui ont \u00e9t\u00e9 envoy\u00e9es en direction de l\u2019\u00e9tranger. En comparaison par rapport \u00e0 la m\u00eame p\u00e9riode en 2021, l\u2019on observe aussi une hausse. Celle-ci est de 2\u00a0621 tonnes (4,77%). L\u2019on est pass\u00e9 de 54\u00a0902 tonnes\u00a0\u00a0au premier trimestre 2021 \u00e0 57\u00a0523 tonnes au premier trimestre 2022.<\/p>\n<p><strong>Lire aussi : <a href=\"https:\/\/ecomatin.net\/les-exportations-s-de-banane-augmentent-de-572-en-2021\/\" target=\"_blank\" rel=\"noreferrer noopener\">Les exportations de banane augmentent de 5,72% en 2021<\/a><\/strong><\/p>\n<p><a href=\"https:\/\/ecomatin.net\/cemac-la-beac-prevoit-une-amelioration-des-activites-de-restauration-et-hotellerie-au-1er-trimestre\/\">Ces bonnes performances observ\u00e9es au sein de cette culture de rente avaient d\u00e9j\u00e0 \u00e9t\u00e9 annonc\u00e9 par la banque centrale<\/a> dans son test pr\u00e9visionnel de conjoncture de la Cemac\u00a0pour le compte du premier trimestre 2022. En effet, dans son rapport la Beac indiquait une augmentation des activit\u00e9s en lien \u00e0 \u00ab la reprise d\u2019activit\u00e9s dans certaines plantations de la CDC, lesquelles \u00e9taient abandonn\u00e9es \u00e0 cause de l\u2019ins\u00e9curit\u00e9. De m\u00eame, l\u2019extension des zones d\u2019exploitation de la banane et la r\u00e9habilitation des ouvrages de production pourraient d\u2019avantage am\u00e9liorer les perspectives de la fili\u00e8re \u00bb.<\/p>\n<p><strong>Lire aussi : <a href=\"https:\/\/ecomatin.net\/cemac-la-beac-prevoit-une-amelioration-des-activites-de-restauration-et-hotellerie-au-1er-trimestre\/\" target=\"_blank\" rel=\"noreferrer noopener\">Cemac\u00a0: la Beac pr\u00e9voit une am\u00e9lioration des activit\u00e9s de restauration et h\u00f4tellerie au 1er trimestre<\/a><\/strong><\/p>\n<p>L\u2019article <a rel=\"nofollow\" href=\"https:\/\/ecomatin.net\/le-cameroun-a-exporte-57-523-tonnes-de-banane-dessert-au-premier-trimestre-2022\/\">Le Cameroun a export\u00e9 57\u00a0523 tonnes de banane dessert au premier trimestre 2022<\/a> est apparu en premier sur <a rel=\"nofollow\" href=\"https:\/\/ecomatin.net\/\">EcoMatin<\/a>.<\/p>\n<\/div>\n<p>Auteur: Cindy MBALA<br \/>\n<a href=\"https:\/\/ecomatin.net\/le-cameroun-a-exporte-57-523-tonnes-de-banane-dessert-au-premier-trimestre-2022\/\">Cliquez ici pour lire l&rsquo;article depuis sa source.<\/a><\/p>\n","protected":false},"excerpt":{"rendered":"<p>22\u00a0604 tonnes. C\u2019est la quantit\u00e9 de banane que le Cameroun a export\u00e9 pour le compte du mois de mars, selon les donn\u00e9es compil\u00e9es et rendues publiques par l\u2019Association banani\u00e8re du Cameroun (Assobacam). De fa\u00e7on particuli\u00e8re pour les diff\u00e9rents op\u00e9rateurs impliqu\u00e9s dans le secteur l\u2019on a 19\u00a0240 tonnes pour les Plantations du Haut Penja (PHP), 1\u00a0982 [&hellip;]<\/p>\n","protected":false},"author":1969,"featured_media":0,"comment_status":"closed","ping_status":"closed","sticky":false,"template":"","format":"standard","meta":{"fifu_image_url":"","fifu_image_alt":"","footnotes":""},"categories":[82,78],"tags":[],"class_list":["post-145135","post","type-post","status-publish","format-standard","hentry","category-cameroun","category-economie"],"_links":{"self":[{"href":"https:\/\/linitiative.ca\/International\/wp-json\/wp\/v2\/posts\/145135","targetHints":{"allow":["GET"]}}],"collection":[{"href":"https:\/\/linitiative.ca\/International\/wp-json\/wp\/v2\/posts"}],"about":[{"href":"https:\/\/linitiative.ca\/International\/wp-json\/wp\/v2\/types\/post"}],"author":[{"embeddable":true,"href":"https:\/\/linitiative.ca\/International\/wp-json\/wp\/v2\/users\/1969"}],"replies":[{"embeddable":true,"href":"https:\/\/linitiative.ca\/International\/wp-json\/wp\/v2\/comments?post=145135"}],"version-history":[{"count":0,"href":"https:\/\/linitiative.ca\/International\/wp-json\/wp\/v2\/posts\/145135\/revisions"}],"wp:attachment":[{"href":"https:\/\/linitiative.ca\/International\/wp-json\/wp\/v2\/media?parent=145135"}],"wp:term":[{"taxonomy":"category","embeddable":true,"href":"https:\/\/linitiative.ca\/International\/wp-json\/wp\/v2\/categories?post=145135"},{"taxonomy":"post_tag","embeddable":true,"href":"https:\/\/linitiative.ca\/International\/wp-json\/wp\/v2\/tags?post=145135"}],"curies":[{"name":"wp","href":"https:\/\/api.w.org\/{rel}","templated":true}]}}