{"id":145136,"date":"2022-04-09T15:55:39","date_gmt":"2022-04-09T19:55:39","guid":{"rendered":"https:\/\/linitiative.ca\/International\/financement-agricole-la-capef-fait-recours-aux-comites-dintermediaires-financiers\/"},"modified":"2022-04-09T15:55:39","modified_gmt":"2022-04-09T19:55:39","slug":"financement-agricole-la-capef-fait-recours-aux-comites-dintermediaires-financiers","status":"publish","type":"post","link":"https:\/\/linitiative.ca\/International\/financement-agricole-la-capef-fait-recours-aux-comites-dintermediaires-financiers\/","title":{"rendered":"Financement agricole : la Capef fait recours aux comit\u00e9s d\u2019interm\u00e9diaires financiers"},"content":{"rendered":"<div>\n<p>C\u2019est une trouvaille de la Capef. Un dispositif de financement agricole bas\u00e9 sur les micro-\u00e9pargnes et les microcr\u00e9dits. Cette structure s\u2019est inspir\u00e9e du mod\u00e8le indien et indon\u00e9sien qui fait des comit\u00e9s d\u2019interm\u00e9diaires financiers le socle du financement agricole dans ces pays d\u2019Asie.\u00a0<\/p>\n<p>Selon les explications de la Capef, ce m\u00e9canisme de financement est tr\u00e8s diff\u00e9rent de celui qu\u2019offrent les banques. \u00ab\u00a0Ici, les conditions d\u2019acc\u00e8s des producteurs ruraux aux micro-cr\u00e9dits sont assouplies. Mieux, les taux d\u2019int\u00e9r\u00eat pratiqu\u00e9s sont tr\u00e8s faibles. L\u2019id\u00e9e est que le syst\u00e8me mis en place permette d\u2019assurer la fluidit\u00e9 des devises, leur stabilit\u00e9 dans l\u2019\u00e9conomie nationale et leur circulation ais\u00e9e entre les ressortissants de la Capef\u00a0\u00bb, entend-on dire au sein de cette chambre consulaire essentiellement consacr\u00e9e \u00e0 la promotion des activit\u00e9s du monde rural au Cameroun.<\/p>\n<p><strong>Lire aussi : <a href=\"https:\/\/ecomatin.net\/la-mairie-de-kribi-2e-sollicite-laide-de-la-capef-pour-creer-une-usine-de-production-et-de-conditionnement-des-produits-de-la-mer\/\">La Mairie de Kribi 2e sollicite l\u2019aide de la CAPEF pour cr\u00e9er une usine de production et de conditionnement des produits de la mer<\/a><\/strong><\/p>\n<p>Sur les conditions d\u2019acc\u00e8s \u00e0 ces financements, une source interne \u00e9voque \u00ab\u00a0nous travaillons \u00e0 l\u2019\u00e9laboration du statut du ressortissant afin de constituer un fichier de producteurs ayant rempli les conditions d\u2019adh\u00e9sion \u00e0 la Capef et qui peuvent donc \u00eatre \u00e9ligibles \u00e0 ces financements. Ces crit\u00e8res seront d\u00e9finis par un manuel d\u2019encadrement qui est \u00e9galement en cours d\u2019\u00e9laboration.\u00a0\u00bb Notre source pr\u00e9cise que\u00a0\u00bbce manuel d\u2019encadrement va englober tous les appuis que la Capef entend mettre \u00e0 la disposition de ses ressortissants\u00a0\u00bb.<\/p>\n<p>Pour ce qui est du principe de financement de ce m\u00e9canisme, la Capef entend mettre sur pied des plateformes de collaboration avec un certain nombre d\u2019\u00e9tablissements bancaires de la place. Pour cela, l\u2019on apprend que \u00ab\u00a0le pr\u00e9sident de la Capef va d\u00e9gager des fonds de garantie \u00e0 d\u00e9poser dans ces banques. L\u2019acc\u00e8s \u00e0 ces financements est cependant soumis aux proc\u00e9dures internes d\u2019octroi des cr\u00e9dits \u00e9dict\u00e9es par chacune des banques\u00a0\u00bb. Sur la date de lancement de ce m\u00e9canisme, la Capef \u00e9voque \u00ab\u00a0la fin du mois d\u2019avril 2022, le temps de finaliser tous les pr\u00e9alables cit\u00e9s supra\u00a0\u00bb.<\/p>\n<p><strong>Lire aussi : <a href=\"https:\/\/ecomatin.net\/capef\/\">Martin Paul Mindjos a pris fonction \u00e0 la t\u00eate de la Capef<\/a><\/strong><\/p>\n<p>Pour rappel, l\u2019initiative d\u2019un m\u00e9canisme de financement des activit\u00e9s des producteurs ruraux n\u2019est pas nouvelle \u00e0 la Capef. En effet, l\u2019on se souvient que le 19 octobre 2015, elle avait lanc\u00e9 une campagne de collecte d\u2019\u00e9pargne, en vue de la cr\u00e9ation d\u2019un \u00e9tablissement de microfinance agricole, sorte de banque communautaire pour petit \u00e9pargnants au Cameroun. L\u2019objectif de cette campagne qui devait s\u2019\u00e9tendre jusqu\u2019au 10 d\u00e9cembre 2015 \u00e9tait de collecter des fonds aupr\u00e8s de 7 000\u00a0souscripteurs, dont 80% de ruraux.\u00a0Dans une interview accord\u00e9e \u00e0 votre journal, et publi\u00e9e sur son site web le 22 novembre 2018, la vice-pr\u00e9sidente de la Capef de l\u2019\u00e9poque,\u00a0Elissar Mbang Ekoutou,indiquait que le projet achoppait sur des questions proc\u00e9durales.\u00a0\u00a0Notamment, l\u2019onction de\u00a0la Commission bancaire de l\u2019Afrique centrale\u00a0(Cobac) comme condition de mise en \u0153uvre du projet\u00a0et ce, malgr\u00e9\u00a0l\u2019appui du minist\u00e8re des Finances pour obtenir tous les documents et ouvrir un compte bancaire.<\/p>\n<p><strong>Lire aussi : <a href=\"https:\/\/ecomatin.net\/chambre-dagriculture-70-seigneurs-s-de-la-terre-mordent-la-poussiere\/\">Chambre d\u2019agriculture : 70 seigneurs de la terre mordent la poussi\u00e8re<\/a><\/strong><\/p>\n<p>\u00ab\u00a0Le projet n\u00e9cessite une r\u00e9actualisation et il a \u00e9t\u00e9 repris en main par le minist\u00e8re des Finances et celui de l\u2019Agriculture et du D\u00e9veloppement rural. Nous pensons que cela se fera dans les tout prochains\u00a0\u00bb, souffle une source \u00e0 la Capef. Qui pr\u00e9cise que \u00ab\u00a0ni la Banque agricole, qui est un projet global de l\u2019Etat, ni l\u2019\u00e9tablissement de micro-finance initi\u00e9 par la Capef en 2015 ne sont en conflit avec le financement agricole par les comit\u00e9s d\u2019interm\u00e9diaires financiers inspir\u00e9s de l\u2019Inde et de l\u2019Indon\u00e9sie\u00a0\u00bb.<\/p>\n<p>L\u2019article <a rel=\"nofollow\" href=\"https:\/\/ecomatin.net\/financement-agricole-la-capef-fait-recours-aux-comites-dintermediaires-financiers\/\">Financement agricole : la Capef fait recours aux comit\u00e9s d\u2019interm\u00e9diaires financiers<\/a> est apparu en premier sur <a rel=\"nofollow\" href=\"https:\/\/ecomatin.net\/\">EcoMatin<\/a>.<\/p>\n<\/div>\n<p>Auteur: Bernard Bangda<br \/>\n<a href=\"https:\/\/ecomatin.net\/financement-agricole-la-capef-fait-recours-aux-comites-dintermediaires-financiers\/\">Cliquez ici pour lire l&rsquo;article depuis sa source.<\/a><\/p>\n","protected":false},"excerpt":{"rendered":"<p>C\u2019est une trouvaille de la Capef. Un dispositif de financement agricole bas\u00e9 sur les micro-\u00e9pargnes et les microcr\u00e9dits. Cette structure s\u2019est inspir\u00e9e du mod\u00e8le indien et indon\u00e9sien qui fait des comit\u00e9s d\u2019interm\u00e9diaires financiers le socle du financement agricole dans ces pays d\u2019Asie.\u00a0 Selon les explications de la Capef, ce m\u00e9canisme de financement est tr\u00e8s diff\u00e9rent [&hellip;]<\/p>\n","protected":false},"author":1969,"featured_media":0,"comment_status":"closed","ping_status":"closed","sticky":false,"template":"","format":"standard","meta":{"fifu_image_url":"","fifu_image_alt":"","footnotes":""},"categories":[82,78],"tags":[],"class_list":["post-145136","post","type-post","status-publish","format-standard","hentry","category-cameroun","category-economie"],"_links":{"self":[{"href":"https:\/\/linitiative.ca\/International\/wp-json\/wp\/v2\/posts\/145136","targetHints":{"allow":["GET"]}}],"collection":[{"href":"https:\/\/linitiative.ca\/International\/wp-json\/wp\/v2\/posts"}],"about":[{"href":"https:\/\/linitiative.ca\/International\/wp-json\/wp\/v2\/types\/post"}],"author":[{"embeddable":true,"href":"https:\/\/linitiative.ca\/International\/wp-json\/wp\/v2\/users\/1969"}],"replies":[{"embeddable":true,"href":"https:\/\/linitiative.ca\/International\/wp-json\/wp\/v2\/comments?post=145136"}],"version-history":[{"count":0,"href":"https:\/\/linitiative.ca\/International\/wp-json\/wp\/v2\/posts\/145136\/revisions"}],"wp:attachment":[{"href":"https:\/\/linitiative.ca\/International\/wp-json\/wp\/v2\/media?parent=145136"}],"wp:term":[{"taxonomy":"category","embeddable":true,"href":"https:\/\/linitiative.ca\/International\/wp-json\/wp\/v2\/categories?post=145136"},{"taxonomy":"post_tag","embeddable":true,"href":"https:\/\/linitiative.ca\/International\/wp-json\/wp\/v2\/tags?post=145136"}],"curies":[{"name":"wp","href":"https:\/\/api.w.org\/{rel}","templated":true}]}}