{"id":145142,"date":"2022-04-10T11:21:19","date_gmt":"2022-04-10T15:21:19","guid":{"rendered":"https:\/\/linitiative.ca\/International\/covid-19-maroc-la-situation-epidemiologique-au-10-avril-2022-a-16h00\/"},"modified":"2022-04-10T11:21:19","modified_gmt":"2022-04-10T15:21:19","slug":"covid-19-maroc-la-situation-epidemiologique-au-10-avril-2022-a-16h00","status":"publish","type":"post","link":"https:\/\/linitiative.ca\/International\/covid-19-maroc-la-situation-epidemiologique-au-10-avril-2022-a-16h00\/","title":{"rendered":"Covid-19 \/ Maroc : La situation \u00e9pid\u00e9miologique au 10 avril 2022 \u00e0 16H00"},"content":{"rendered":"<div>\n<p><img loading=\"lazy\" decoding=\"async\" width=\"300\" height=\"153\" src=\"https:\/\/linitiative.ca\/International\/wp-content\/uploads\/sites\/23\/2022\/04\/Variant-Omicron-Covid19-Coronavirus-Maroc-300x153-1.jpg\" class=\"attachment-medium size-medium wp-post-image\" alt=\"\" srcset=\"https:\/\/linitiative.ca\/International\/wp-content\/uploads\/sites\/23\/2022\/04\/Variant-Omicron-Covid19-Coronavirus-Maroc-300x153-1.jpg 300w, https:\/\/aujourdhui.ma\/wp-content\/uploads\/2022\/02\/Variant-Omicron-Covid19-Coronavirus-Maroc-274x140.jpg 274w, https:\/\/aujourdhui.ma\/wp-content\/uploads\/2022\/02\/Variant-Omicron-Covid19-Coronavirus-Maroc.jpg 746w, https:\/\/aujourdhui.ma\/wp-content\/uploads\/2022\/02\/Variant-Omicron-Covid19-Coronavirus-Maroc-165x84.jpg 165w, https:\/\/aujourdhui.ma\/wp-content\/uploads\/2022\/02\/Variant-Omicron-Covid19-Coronavirus-Maroc-702x358.jpg 702w\" sizes=\"auto, (max-width: 300px) 100vw, 300px\"><\/p>\n<p>La situation \u00e9pid\u00e9miologique au 10 avril 2022 \u00e0 16H00<\/p>\n<p>68 nouveaux cas soit un cumul de 1.164.030 cas \u00e0 ce jour.<br \/>\n52 gu\u00e9risons soit un cumul de 1.147.180 \u00e0 ce jour.<br \/>\nZ\u00c9RO D\u00c9C\u00c8S donc un cumul de 16.061 \u00e0 ce jour.<\/p>\n<p><strong>Nombre de personnes vaccin\u00e9es au 10 avril 16H00<\/strong><\/p>\n<p>1\u00e8re dose : <strong>24 793 899<\/strong><\/p>\n<p>2\u00e8me dose : <strong>23 268 724<\/strong><\/p>\n<p>3\u00e8me dose : <strong>6 179 452<\/strong><\/p>\n<p><a href=\"https:\/\/linitiative.ca\/International\/wp-content\/uploads\/sites\/23\/2022\/04\/WhatsApp-Image-2022-04-10-at-3.16.56-PM.jpeg\"><img loading=\"lazy\" decoding=\"async\" class=\"aligncenter size-full wp-image-404752\" src=\"https:\/\/linitiative.ca\/International\/wp-content\/uploads\/sites\/23\/2022\/04\/WhatsApp-Image-2022-04-10-at-3.16.56-PM.jpeg\" alt=\"\" width=\"1146\" height=\"1600\" srcset=\"https:\/\/linitiative.ca\/International\/wp-content\/uploads\/sites\/23\/2022\/04\/WhatsApp-Image-2022-04-10-at-3.16.56-PM.jpeg 1146w, https:\/\/aujourdhui.ma\/wp-content\/uploads\/2022\/04\/WhatsApp-Image-2022-04-10-at-3.16.56-PM-215x300.jpeg 215w, https:\/\/aujourdhui.ma\/wp-content\/uploads\/2022\/04\/WhatsApp-Image-2022-04-10-at-3.16.56-PM-733x1024.jpeg 733w, https:\/\/aujourdhui.ma\/wp-content\/uploads\/2022\/04\/WhatsApp-Image-2022-04-10-at-3.16.56-PM-768x1072.jpeg 768w, https:\/\/aujourdhui.ma\/wp-content\/uploads\/2022\/04\/WhatsApp-Image-2022-04-10-at-3.16.56-PM-1100x1536.jpeg 1100w\" sizes=\"auto, (max-width: 1146px) 100vw, 1146px\"><\/a> <a href=\"https:\/\/linitiative.ca\/International\/wp-content\/uploads\/sites\/23\/2022\/04\/WhatsApp-Image-2022-04-10-at-3.16.56-PM1.jpeg\"><img loading=\"lazy\" decoding=\"async\" class=\"aligncenter size-full wp-image-404751\" src=\"https:\/\/linitiative.ca\/International\/wp-content\/uploads\/sites\/23\/2022\/04\/WhatsApp-Image-2022-04-10-at-3.16.56-PM1.jpeg\" alt=\"\" width=\"1170\" height=\"570\" srcset=\"https:\/\/linitiative.ca\/International\/wp-content\/uploads\/sites\/23\/2022\/04\/WhatsApp-Image-2022-04-10-at-3.16.56-PM1.jpeg 1170w, https:\/\/aujourdhui.ma\/wp-content\/uploads\/2022\/04\/WhatsApp-Image-2022-04-10-at-3.16.56-PM1-300x146.jpeg 300w, https:\/\/aujourdhui.ma\/wp-content\/uploads\/2022\/04\/WhatsApp-Image-2022-04-10-at-3.16.56-PM1-1024x499.jpeg 1024w, https:\/\/aujourdhui.ma\/wp-content\/uploads\/2022\/04\/WhatsApp-Image-2022-04-10-at-3.16.56-PM1-768x374.jpeg 768w\" sizes=\"auto, (max-width: 1170px) 100vw, 1170px\"><\/a> <a href=\"https:\/\/linitiative.ca\/International\/wp-content\/uploads\/sites\/23\/2022\/04\/WhatsApp-Image-2022-04-10-at-3.16.56-PM2.jpeg\"><img loading=\"lazy\" decoding=\"async\" class=\"aligncenter size-full wp-image-404750\" src=\"https:\/\/linitiative.ca\/International\/wp-content\/uploads\/sites\/23\/2022\/04\/WhatsApp-Image-2022-04-10-at-3.16.56-PM2.jpeg\" alt=\"\" width=\"1117\" height=\"1600\" srcset=\"https:\/\/linitiative.ca\/International\/wp-content\/uploads\/sites\/23\/2022\/04\/WhatsApp-Image-2022-04-10-at-3.16.56-PM2.jpeg 1117w, https:\/\/aujourdhui.ma\/wp-content\/uploads\/2022\/04\/WhatsApp-Image-2022-04-10-at-3.16.56-PM2-209x300.jpeg 209w, https:\/\/aujourdhui.ma\/wp-content\/uploads\/2022\/04\/WhatsApp-Image-2022-04-10-at-3.16.56-PM2-715x1024.jpeg 715w, https:\/\/aujourdhui.ma\/wp-content\/uploads\/2022\/04\/WhatsApp-Image-2022-04-10-at-3.16.56-PM2-768x1100.jpeg 768w, https:\/\/aujourdhui.ma\/wp-content\/uploads\/2022\/04\/WhatsApp-Image-2022-04-10-at-3.16.56-PM2-1072x1536.jpeg 1072w\" sizes=\"auto, (max-width: 1117px) 100vw, 1117px\"><\/a><\/p>\n<\/div>\n<p>Auteur: ALM<br \/>\n<a href=\"https:\/\/aujourdhui.ma\/actualite\/covid-19-maroc-la-situation-epidemiologique-au-10-avril-2022-a-16h00\">Cliquez ici pour lire l&rsquo;article depuis sa source.<\/a><\/p>\n","protected":false},"excerpt":{"rendered":"<p>La situation \u00e9pid\u00e9miologique au 10 avril 2022 \u00e0 16H00 68 nouveaux cas soit un cumul de 1.164.030 cas \u00e0 ce jour. 52 gu\u00e9risons soit un cumul de 1.147.180 \u00e0 ce jour. Z\u00c9RO D\u00c9C\u00c8S donc un cumul de 16.061 \u00e0 ce jour. Nombre de personnes vaccin\u00e9es au 10 avril 16H00 1\u00e8re dose : 24 793 899 [&hellip;]<\/p>\n","protected":false},"author":1759,"featured_media":0,"comment_status":"closed","ping_status":"closed","sticky":false,"template":"","format":"standard","meta":{"fifu_image_url":"https:\/\/aujourdhui.ma\/wp-content\/uploads\/2022\/02\/Variant-Omicron-Covid19-Coronavirus-Maroc-300x153.jpg","fifu_image_alt":"Covid-19 \/ Maroc : La situation \u00e9pid\u00e9miologique au 10 avril 2022 \u00e0 16H00","footnotes":""},"categories":[73,54],"tags":[],"class_list":["post-145142","post","type-post","status-publish","format-standard","hentry","category-actualite","category-maroc"],"_links":{"self":[{"href":"https:\/\/linitiative.ca\/International\/wp-json\/wp\/v2\/posts\/145142","targetHints":{"allow":["GET"]}}],"collection":[{"href":"https:\/\/linitiative.ca\/International\/wp-json\/wp\/v2\/posts"}],"about":[{"href":"https:\/\/linitiative.ca\/International\/wp-json\/wp\/v2\/types\/post"}],"author":[{"embeddable":true,"href":"https:\/\/linitiative.ca\/International\/wp-json\/wp\/v2\/users\/1759"}],"replies":[{"embeddable":true,"href":"https:\/\/linitiative.ca\/International\/wp-json\/wp\/v2\/comments?post=145142"}],"version-history":[{"count":0,"href":"https:\/\/linitiative.ca\/International\/wp-json\/wp\/v2\/posts\/145142\/revisions"}],"wp:attachment":[{"href":"https:\/\/linitiative.ca\/International\/wp-json\/wp\/v2\/media?parent=145142"}],"wp:term":[{"taxonomy":"category","embeddable":true,"href":"https:\/\/linitiative.ca\/International\/wp-json\/wp\/v2\/categories?post=145142"},{"taxonomy":"post_tag","embeddable":true,"href":"https:\/\/linitiative.ca\/International\/wp-json\/wp\/v2\/tags?post=145142"}],"curies":[{"name":"wp","href":"https:\/\/api.w.org\/{rel}","templated":true}]}}