{"id":145148,"date":"2022-04-10T11:12:35","date_gmt":"2022-04-10T15:12:35","guid":{"rendered":"https:\/\/linitiative.ca\/International\/sur-le-vif-amor-fati\/"},"modified":"2022-04-10T11:12:35","modified_gmt":"2022-04-10T15:12:35","slug":"sur-le-vif-amor-fati","status":"publish","type":"post","link":"https:\/\/linitiative.ca\/International\/sur-le-vif-amor-fati\/","title":{"rendered":"Sur le vif: Amor fati !"},"content":{"rendered":"<div>\n<p class=\"has-text-align-right\"><strong>Mohamed Nait Youssef<\/strong><\/p>\n<p><strong><em>C\u2019est d\u00e9sormais un cercle vicieux. Une question fatigante. Un rituel annuel. A l\u2019arriv\u00e9e de chaque mois de Ramadan, nos cha\u00eenes d\u00e9cha\u00eenent\u2026 et nous servent comme \u00e0 l\u2019accoutum\u00e9e une soupe de mauvais go\u00fbt. C\u2019est d\u00e9sormais notre sort\u2026 et on vit avec. En attendant\u00a0!!!\u00a0 Incontestablement, ce sont presque les m\u00eames noms, les m\u00eames id\u00e9es, les m\u00eames st\u00e9r\u00e9otypes, les m\u00eames erreurs qui se r\u00e9p\u00e8tent \u00e0 chaque fois. Et puis cette fameuse histoire avec la m\u00e9diocrit\u00e9 continue et persiste\u00a0; comme si \u00e9tait une mal\u00e9diction tomb\u00e9e du ciel. C\u2019est d\u00e9sormais notre destin\u00e9e\u2026 et on vit toujours avec.<\/em><\/strong><\/p>\n<p>Cette ann\u00e9e encore, nos cha\u00eenes manquent de nouveau le rendez-vous avec la cr\u00e9ativit\u00e9, la qualit\u00e9 et l\u2019imaginaire cr\u00e9atif. Un air malsain qui souffle sur nos \u00e9crans\u00a0! C\u2019est le m\u00eame sc\u00e9nario, ce vieux d\u00e9bat qui ne date pas d\u2019aujourd\u2019hui, qui se r\u00e9p\u00e8te.<\/p>\n<p>\u00a0Des sitcoms manquant de cr\u00e9ativit\u00e9, de casting, de finesse en passant par des s\u00e9ries \u2018\u2019hors histoire\u2019\u2019 meublent la grille ramadanesque. Ce sont toujours les m\u00eames concepts fig\u00e9s et inchangeables qui habitent nos t\u00e9l\u00e9visions. Et pourtant, c\u2019est toute une mentalit\u00e9 qu\u2019il faudrait changer pour que les choses puissent changer. Un s\u00e9isme culturel \u00a0pour nos cha\u00eenes \u00a0retrouvent leur \u00e9clat afin qu\u2019elles repr\u00e9sentent v\u00e9ritablement l\u2019identit\u00e9 et le g\u00e9nie cr\u00e9atif marocains dans toute sa splendeur et sa diversit\u00e9 historique, civilisationnelle, culturelle et artistique. Il faudrait le dire, cette normalisation avec b\u00eatise et la m\u00e9diocrit\u00e9 ne peut que nuire \u00e0 l\u2019image de notre histoire si riche et \u00e0 notre paysage culturel et artistique regorgeant de cr\u00e9ateurs appartenant aux diff\u00e9rentes g\u00e9n\u00e9rations.<\/p>\n<p>Les temps changent, mais certains esprits restent fig\u00e9s. Il est bien le temps que les choses bougent et que notre champ\u00a0 ait une vision tr\u00e8s claire o\u00f9 la comp\u00e9tence et la cr\u00e9ativit\u00e9 priment. En mois de ramadan, o\u00f9 nos cha\u00eenes sont cens\u00e9es de pr\u00e9senter aux t\u00e9l\u00e9spectateurs les meilleures productions nationales annuelles, sont en train de nous services des recettes sans go\u00fbt ni odorat faites \u00e0 la h\u00e2te. La t\u00e9l\u00e9vision et la m\u00e9diocrit\u00e9 sont inesp\u00e9rables. C\u2019est d\u00e9sormais dans les g\u00e8nes. C\u2019est notre sort\u2026 et on vit avec. Amor fati. En attendant, c\u2019est le temps pour lire un livre\u2026 et r\u00eaver d\u2019un demain meilleur.<\/p>\n<p>L\u2019article <a rel=\"nofollow\" href=\"http:\/\/albayane.press.ma\/sur-le-vif-amor-fati.html\">Sur le vif: Amor fati !<\/a> est apparu en premier sur <a rel=\"nofollow\" href=\"http:\/\/albayane.press.ma\/\">ALBAYANE<\/a>.<\/p>\n<\/div>\n<p>Auteur: M&rsquo;hammed rahal<br \/>\n<a href=\"http:\/\/albayane.press.ma\/sur-le-vif-amor-fati.html\">Cliquez ici pour lire l&rsquo;article depuis sa source.<\/a><\/p>\n","protected":false},"excerpt":{"rendered":"<p>Mohamed Nait Youssef C\u2019est d\u00e9sormais un cercle vicieux. Une question fatigante. Un rituel annuel. A l\u2019arriv\u00e9e de chaque mois de Ramadan, nos cha\u00eenes d\u00e9cha\u00eenent\u2026 et nous servent comme \u00e0 l\u2019accoutum\u00e9e une soupe de mauvais go\u00fbt. C\u2019est d\u00e9sormais notre sort\u2026 et on vit avec. En attendant\u00a0!!!\u00a0 Incontestablement, ce sont presque les m\u00eames noms, les m\u00eames id\u00e9es, [&hellip;]<\/p>\n","protected":false},"author":1760,"featured_media":0,"comment_status":"closed","ping_status":"closed","sticky":false,"template":"","format":"standard","meta":{"fifu_image_url":"","fifu_image_alt":"","footnotes":""},"categories":[73,54],"tags":[],"class_list":["post-145148","post","type-post","status-publish","format-standard","hentry","category-actualite","category-maroc"],"_links":{"self":[{"href":"https:\/\/linitiative.ca\/International\/wp-json\/wp\/v2\/posts\/145148","targetHints":{"allow":["GET"]}}],"collection":[{"href":"https:\/\/linitiative.ca\/International\/wp-json\/wp\/v2\/posts"}],"about":[{"href":"https:\/\/linitiative.ca\/International\/wp-json\/wp\/v2\/types\/post"}],"author":[{"embeddable":true,"href":"https:\/\/linitiative.ca\/International\/wp-json\/wp\/v2\/users\/1760"}],"replies":[{"embeddable":true,"href":"https:\/\/linitiative.ca\/International\/wp-json\/wp\/v2\/comments?post=145148"}],"version-history":[{"count":0,"href":"https:\/\/linitiative.ca\/International\/wp-json\/wp\/v2\/posts\/145148\/revisions"}],"wp:attachment":[{"href":"https:\/\/linitiative.ca\/International\/wp-json\/wp\/v2\/media?parent=145148"}],"wp:term":[{"taxonomy":"category","embeddable":true,"href":"https:\/\/linitiative.ca\/International\/wp-json\/wp\/v2\/categories?post=145148"},{"taxonomy":"post_tag","embeddable":true,"href":"https:\/\/linitiative.ca\/International\/wp-json\/wp\/v2\/tags?post=145148"}],"curies":[{"name":"wp","href":"https:\/\/api.w.org\/{rel}","templated":true}]}}