{"id":145153,"date":"2022-04-10T08:55:25","date_gmt":"2022-04-10T12:55:25","guid":{"rendered":"https:\/\/linitiative.ca\/International\/espagne-les-retours-de-migrants-au-maroc-vont-augmenter\/"},"modified":"2022-04-10T08:55:25","modified_gmt":"2022-04-10T12:55:25","slug":"espagne-les-retours-de-migrants-au-maroc-vont-augmenter","status":"publish","type":"post","link":"https:\/\/linitiative.ca\/International\/espagne-les-retours-de-migrants-au-maroc-vont-augmenter\/","title":{"rendered":"Espagne: Les retours de migrants au Maroc vont augmenter"},"content":{"rendered":"<div>\n<div class=\"field field-name-body field-type-text-with-summary field-label-hidden\">\n<div class=\"field-items\">\n<div class=\"field-item even\" property=\"content:encoded\">\n<p class=\"rtejustify\">L\u2019Espagne va poursuivre le renvoi de migrants entr\u00e9s ill\u00e9galement sur son territoire vers le Maroc. D\u2019apr\u00e8s les m\u00e9dias ib\u00e9riques, la \u00ab\u00a0nouvelle \u00e9tape\u00a0\u00bb annonc\u00e9e dans les relations bilat\u00e9rales moroco-espagnole favorisera le retour des migrants arriv\u00e9s irr\u00e9guli\u00e8rement aux \u00eeles Canaries. Deux nouvelles routes seront ainsi ouvertes vers Casablanca et Agadir, en plus de celle existante vers La\u00e2youne, selon des sources gouvernementales espagnoles cit\u00e9es par Europa Press.<\/p>\n<\/div>\n<\/div>\n<\/div>\n<\/div>\n<p>Auteur: hgueye<br \/>\n<a href=\"https:\/\/www.leconomiste.com\/flash-infos\/espagne-les-retours-de-migrants-au-maroc-vont-augmenter\">Cliquez ici pour lire l&rsquo;article depuis sa source.<\/a><\/p>\n","protected":false},"excerpt":{"rendered":"<p>L\u2019Espagne va poursuivre le renvoi de migrants entr\u00e9s ill\u00e9galement sur son territoire vers le Maroc. D\u2019apr\u00e8s les m\u00e9dias ib\u00e9riques, la \u00ab\u00a0nouvelle \u00e9tape\u00a0\u00bb annonc\u00e9e dans les relations bilat\u00e9rales moroco-espagnole favorisera le retour des migrants arriv\u00e9s irr\u00e9guli\u00e8rement aux \u00eeles Canaries. Deux nouvelles routes seront ainsi ouvertes vers Casablanca et Agadir, en plus de celle existante vers La\u00e2youne, [&hellip;]<\/p>\n","protected":false},"author":1763,"featured_media":0,"comment_status":"closed","ping_status":"closed","sticky":false,"template":"","format":"standard","meta":{"fifu_image_url":"","fifu_image_alt":"","footnotes":""},"categories":[78,54],"tags":[],"class_list":["post-145153","post","type-post","status-publish","format-standard","hentry","category-economie","category-maroc"],"_links":{"self":[{"href":"https:\/\/linitiative.ca\/International\/wp-json\/wp\/v2\/posts\/145153","targetHints":{"allow":["GET"]}}],"collection":[{"href":"https:\/\/linitiative.ca\/International\/wp-json\/wp\/v2\/posts"}],"about":[{"href":"https:\/\/linitiative.ca\/International\/wp-json\/wp\/v2\/types\/post"}],"author":[{"embeddable":true,"href":"https:\/\/linitiative.ca\/International\/wp-json\/wp\/v2\/users\/1763"}],"replies":[{"embeddable":true,"href":"https:\/\/linitiative.ca\/International\/wp-json\/wp\/v2\/comments?post=145153"}],"version-history":[{"count":0,"href":"https:\/\/linitiative.ca\/International\/wp-json\/wp\/v2\/posts\/145153\/revisions"}],"wp:attachment":[{"href":"https:\/\/linitiative.ca\/International\/wp-json\/wp\/v2\/media?parent=145153"}],"wp:term":[{"taxonomy":"category","embeddable":true,"href":"https:\/\/linitiative.ca\/International\/wp-json\/wp\/v2\/categories?post=145153"},{"taxonomy":"post_tag","embeddable":true,"href":"https:\/\/linitiative.ca\/International\/wp-json\/wp\/v2\/tags?post=145153"}],"curies":[{"name":"wp","href":"https:\/\/api.w.org\/{rel}","templated":true}]}}