{"id":145155,"date":"2022-04-10T07:18:00","date_gmt":"2022-04-10T11:18:00","guid":{"rendered":"https:\/\/linitiative.ca\/International\/real-benzema-en-colere-a-la-mi-temps-du-match-face-a-getafe\/"},"modified":"2022-04-10T07:18:00","modified_gmt":"2022-04-10T11:18:00","slug":"real-benzema-en-colere-a-la-mi-temps-du-match-face-a-getafe","status":"publish","type":"post","link":"https:\/\/linitiative.ca\/International\/real-benzema-en-colere-a-la-mi-temps-du-match-face-a-getafe\/","title":{"rendered":"Real : Benzema en col\u00e8re \u00e0 la mi-temps du match face \u00e0 Getafe ?"},"content":{"rendered":"<div>Rest\u00e9 muet samedi soir contre Getafe (2-0), Karim Benzema \u00e9tait tr\u00e8s agac\u00e9 \u00e0 la mi-temps, au moment de rejoindre les vestiaires<\/div>\n<p>Auteur:<br \/>\n<a href=\"https:\/\/www.lebuteur.com\/article\/detail?titre=real-benzema-en-colere-a-la-mi-temps-du-match-face-a-getafe&#038;id=102672\">Cliquez ici pour lire l&rsquo;article depuis sa source.<\/a><\/p>\n","protected":false},"excerpt":{"rendered":"<p>Rest\u00e9 muet samedi soir contre Getafe (2-0), Karim Benzema \u00e9tait tr\u00e8s agac\u00e9 \u00e0 la mi-temps, au moment de rejoindre les vestiaires Auteur: Cliquez ici pour lire l&rsquo;article depuis sa source.<\/p>\n","protected":false},"author":1738,"featured_media":0,"comment_status":"closed","ping_status":"closed","sticky":false,"template":"","format":"standard","meta":{"fifu_image_url":"","fifu_image_alt":"","footnotes":""},"categories":[53,75],"tags":[],"class_list":["post-145155","post","type-post","status-publish","format-standard","hentry","category-algerie","category-sport"],"_links":{"self":[{"href":"https:\/\/linitiative.ca\/International\/wp-json\/wp\/v2\/posts\/145155","targetHints":{"allow":["GET"]}}],"collection":[{"href":"https:\/\/linitiative.ca\/International\/wp-json\/wp\/v2\/posts"}],"about":[{"href":"https:\/\/linitiative.ca\/International\/wp-json\/wp\/v2\/types\/post"}],"author":[{"embeddable":true,"href":"https:\/\/linitiative.ca\/International\/wp-json\/wp\/v2\/users\/1738"}],"replies":[{"embeddable":true,"href":"https:\/\/linitiative.ca\/International\/wp-json\/wp\/v2\/comments?post=145155"}],"version-history":[{"count":0,"href":"https:\/\/linitiative.ca\/International\/wp-json\/wp\/v2\/posts\/145155\/revisions"}],"wp:attachment":[{"href":"https:\/\/linitiative.ca\/International\/wp-json\/wp\/v2\/media?parent=145155"}],"wp:term":[{"taxonomy":"category","embeddable":true,"href":"https:\/\/linitiative.ca\/International\/wp-json\/wp\/v2\/categories?post=145155"},{"taxonomy":"post_tag","embeddable":true,"href":"https:\/\/linitiative.ca\/International\/wp-json\/wp\/v2\/tags?post=145155"}],"curies":[{"name":"wp","href":"https:\/\/api.w.org\/{rel}","templated":true}]}}