{"id":145162,"date":"2022-04-10T04:00:00","date_gmt":"2022-04-10T08:00:00","guid":{"rendered":"https:\/\/linitiative.ca\/International\/les-perturbations-geopolitiques-favorisent-le-risque-dune-crise-energetique-en-europe\/"},"modified":"2022-04-10T04:00:00","modified_gmt":"2022-04-10T08:00:00","slug":"les-perturbations-geopolitiques-favorisent-le-risque-dune-crise-energetique-en-europe","status":"publish","type":"post","link":"https:\/\/linitiative.ca\/International\/les-perturbations-geopolitiques-favorisent-le-risque-dune-crise-energetique-en-europe\/","title":{"rendered":"Les perturbations g\u00e9opolitiques favorisent le risque d&rsquo;une crise \u00e9nerg\u00e9tique en Europe"},"content":{"rendered":"<div><img decoding=\"async\" src=\"https:\/\/linitiative.ca\/International\/wp-content\/uploads\/sites\/23\/2022\/04\/1649415800_article.jpg\" alt=\"Les perturbations g\u00e9opolitiques favorisent le risque d\" une crise en europe align=\"left\">Au d\u00e9but de l&rsquo;ann\u00e9e 2020, la propagation du Covid-19 a provoqu\u00e9 la pire r\u00e9cession mondiale depuis la p\u00e9riode suivant imm\u00e9diatement la Seconde Guerre mondiale. Cette ann\u00e9e, avec le d\u00e9but du conflit russo-ukrainien, le monde est confront\u00e9 \u00e0 l&rsquo;\u00e9v\u00e9nement militaire le plus important en Europe depuis la Seconde Guerre mondiale. Le choc n\u00e9faste cr\u00e9\u00e9 par le conflit russo-ukrainien acc\u00e9l\u00e9rera les tendances \u00ab\u00a0stagflationnistes\u00a0\u00bb (faible croissance accompagn\u00e9e d&rsquo;une forte inflation) et risque d&rsquo;annuler une partie des gains \u00e9conomiques g\u00e9n\u00e9r\u00e9s par les mesures de relance extraordinaires qui ont suivi le choc Covid-19. L&rsquo;Union europ\u00e9enne (UE) est particuli\u00e8rement vuln\u00e9rable dans ce &#8230;<\/p>\n<\/div>\n<p>Auteur:<br \/>\n<a href=\"https:\/\/www.leaders.com.tn\/article\/33211-les-perturbations-geopolitiques-favorisent-le-risque-d-une-crise-energetique-en-europe\">Cliquez ici pour lire l&rsquo;article depuis sa source.<\/a><\/p>\n","protected":false},"excerpt":{"rendered":"<p>Au d\u00e9but de l&rsquo;ann\u00e9e 2020, la propagation du Covid-19 a provoqu\u00e9 la pire r\u00e9cession mondiale depuis la p\u00e9riode suivant imm\u00e9diatement la Seconde Guerre mondiale. Cette ann\u00e9e, avec le d\u00e9but du conflit russo-ukrainien, le monde est confront\u00e9 \u00e0 l&rsquo;\u00e9v\u00e9nement militaire le plus important en Europe depuis la Seconde Guerre mondiale. Le choc n\u00e9faste cr\u00e9\u00e9 par le [&hellip;]<\/p>\n","protected":false},"author":1772,"featured_media":0,"comment_status":"closed","ping_status":"closed","sticky":false,"template":"","format":"standard","meta":{"fifu_image_url":"http:\/\/www.leaders.com.tn\/uploads\/content\/thumbnails_small\/1649415800_article.jpg","fifu_image_alt":"<div>Les perturbations g\u00e9opolitiques favorisent le risque d'une crise \u00e9nerg\u00e9tique en Europe<\/div>","footnotes":""},"categories":[73,55],"tags":[],"class_list":["post-145162","post","type-post","status-publish","format-standard","hentry","category-actualite","category-tunisie"],"_links":{"self":[{"href":"https:\/\/linitiative.ca\/International\/wp-json\/wp\/v2\/posts\/145162","targetHints":{"allow":["GET"]}}],"collection":[{"href":"https:\/\/linitiative.ca\/International\/wp-json\/wp\/v2\/posts"}],"about":[{"href":"https:\/\/linitiative.ca\/International\/wp-json\/wp\/v2\/types\/post"}],"author":[{"embeddable":true,"href":"https:\/\/linitiative.ca\/International\/wp-json\/wp\/v2\/users\/1772"}],"replies":[{"embeddable":true,"href":"https:\/\/linitiative.ca\/International\/wp-json\/wp\/v2\/comments?post=145162"}],"version-history":[{"count":0,"href":"https:\/\/linitiative.ca\/International\/wp-json\/wp\/v2\/posts\/145162\/revisions"}],"wp:attachment":[{"href":"https:\/\/linitiative.ca\/International\/wp-json\/wp\/v2\/media?parent=145162"}],"wp:term":[{"taxonomy":"category","embeddable":true,"href":"https:\/\/linitiative.ca\/International\/wp-json\/wp\/v2\/categories?post=145162"},{"taxonomy":"post_tag","embeddable":true,"href":"https:\/\/linitiative.ca\/International\/wp-json\/wp\/v2\/tags?post=145162"}],"curies":[{"name":"wp","href":"https:\/\/api.w.org\/{rel}","templated":true}]}}