{"id":145166,"date":"2022-04-10T06:37:58","date_gmt":"2022-04-10T10:37:58","guid":{"rendered":"https:\/\/linitiative.ca\/International\/les-rapports-de-la-cour-des-comptes-ne-seront-plus-ranges-dans-les-oubliettes\/"},"modified":"2022-04-10T06:37:58","modified_gmt":"2022-04-10T10:37:58","slug":"les-rapports-de-la-cour-des-comptes-ne-seront-plus-ranges-dans-les-oubliettes","status":"publish","type":"post","link":"https:\/\/linitiative.ca\/International\/les-rapports-de-la-cour-des-comptes-ne-seront-plus-ranges-dans-les-oubliettes\/","title":{"rendered":"Les rapports de la Cour des Comptes ne seront plus rang\u00e9s dans les oubliettes"},"content":{"rendered":"<div><img decoding=\"async\" width=\"660\" height=\"330\" src=\"https:\/\/linitiative.ca\/International\/wp-content\/uploads\/sites\/23\/2022\/04\/COUR-DES-COMPTE.jpg\" class=\"attachment-post-thumbnail size-post-thumbnail wp-post-image\" alt=\"\" loading=\"lazy\" srcset=\"https:\/\/linitiative.ca\/International\/wp-content\/uploads\/sites\/23\/2022\/04\/COUR-DES-COMPTE.jpg 660w, https:\/\/www.challenge.ma\/wp-content\/uploads\/2022\/04\/COUR-DES-COMPTE-300x150.jpg 300w, https:\/\/www.challenge.ma\/wp-content\/uploads\/2022\/04\/COUR-DES-COMPTE-360x180.jpg 360w\" sizes=\"auto, (max-width: 660px) 100vw, 660px\" itemprop=\"image\">Le gouvernement a cr\u00e9\u00e9 une unit\u00e9 sp\u00e9ciale pour le suivi des rapports et des recommandations de la Cour des Comptes, a annonc\u00e9 le D\u00e9partement du Chef du gouvernement, Aziz Akhannouch. D\u00e9tails. Une unit\u00e9 sp\u00e9ciale a \u00e9t\u00e9 cr\u00e9\u00e9e au niveau du D\u00e9partement du Chef du Gouvernement pour le faire le suivi<\/div>\n<p>Auteur: Adama Sylla<br \/>\n<a href=\"https:\/\/www.challenge.ma\/les-rapports-de-la-cour-des-comptes-ne-seront-plus-ranges-dans-les-oubliettes-236481\/\">Cliquez ici pour lire l&rsquo;article depuis sa source.<\/a><\/p>\n","protected":false},"excerpt":{"rendered":"<p>Le gouvernement a cr\u00e9\u00e9 une unit\u00e9 sp\u00e9ciale pour le suivi des rapports et des recommandations de la Cour des Comptes, a annonc\u00e9 le D\u00e9partement du Chef du gouvernement, Aziz Akhannouch. D\u00e9tails. Une unit\u00e9 sp\u00e9ciale a \u00e9t\u00e9 cr\u00e9\u00e9e au niveau du D\u00e9partement du Chef du Gouvernement pour le faire le suivi Auteur: Adama Sylla Cliquez ici [&hellip;]<\/p>\n","protected":false},"author":1787,"featured_media":0,"comment_status":"closed","ping_status":"closed","sticky":false,"template":"","format":"standard","meta":{"fifu_image_url":"https:\/\/www.challenge.ma\/wp-content\/uploads\/2022\/04\/COUR-DES-COMPTE.jpg","fifu_image_alt":"Les rapports de la Cour des Comptes ne seront plus rang\u00e9s dans les oubliettes","footnotes":""},"categories":[78,54],"tags":[],"class_list":["post-145166","post","type-post","status-publish","format-standard","hentry","category-economie","category-maroc"],"_links":{"self":[{"href":"https:\/\/linitiative.ca\/International\/wp-json\/wp\/v2\/posts\/145166","targetHints":{"allow":["GET"]}}],"collection":[{"href":"https:\/\/linitiative.ca\/International\/wp-json\/wp\/v2\/posts"}],"about":[{"href":"https:\/\/linitiative.ca\/International\/wp-json\/wp\/v2\/types\/post"}],"author":[{"embeddable":true,"href":"https:\/\/linitiative.ca\/International\/wp-json\/wp\/v2\/users\/1787"}],"replies":[{"embeddable":true,"href":"https:\/\/linitiative.ca\/International\/wp-json\/wp\/v2\/comments?post=145166"}],"version-history":[{"count":0,"href":"https:\/\/linitiative.ca\/International\/wp-json\/wp\/v2\/posts\/145166\/revisions"}],"wp:attachment":[{"href":"https:\/\/linitiative.ca\/International\/wp-json\/wp\/v2\/media?parent=145166"}],"wp:term":[{"taxonomy":"category","embeddable":true,"href":"https:\/\/linitiative.ca\/International\/wp-json\/wp\/v2\/categories?post=145166"},{"taxonomy":"post_tag","embeddable":true,"href":"https:\/\/linitiative.ca\/International\/wp-json\/wp\/v2\/tags?post=145166"}],"curies":[{"name":"wp","href":"https:\/\/api.w.org\/{rel}","templated":true}]}}