{"id":145168,"date":"2022-04-10T08:02:19","date_gmt":"2022-04-10T12:02:19","guid":{"rendered":"https:\/\/linitiative.ca\/International\/hajj-larabie-saoudite-reduit-le-quota-de-pelerins-par-pays\/"},"modified":"2022-04-10T08:02:19","modified_gmt":"2022-04-10T12:02:19","slug":"hajj-larabie-saoudite-reduit-le-quota-de-pelerins-par-pays","status":"publish","type":"post","link":"https:\/\/linitiative.ca\/International\/hajj-larabie-saoudite-reduit-le-quota-de-pelerins-par-pays\/","title":{"rendered":"Hajj. L\u2019Arabie saoudite r\u00e9duit le quota de p\u00e8lerins par pays"},"content":{"rendered":"<div><img decoding=\"async\" width=\"771\" height=\"486\" src=\"https:\/\/linitiative.ca\/International\/wp-content\/uploads\/sites\/23\/2022\/04\/MECQUE.jpg\" class=\"attachment-post-thumbnail size-post-thumbnail wp-post-image\" alt=\"\" loading=\"lazy\" srcset=\"https:\/\/linitiative.ca\/International\/wp-content\/uploads\/sites\/23\/2022\/04\/MECQUE.jpg 771w, https:\/\/www.challenge.ma\/wp-content\/uploads\/2022\/04\/MECQUE-300x189.jpg 300w, https:\/\/www.challenge.ma\/wp-content\/uploads\/2022\/04\/MECQUE-768x484.jpg 768w, https:\/\/www.challenge.ma\/wp-content\/uploads\/2022\/04\/MECQUE-360x227.jpg 360w, https:\/\/www.challenge.ma\/wp-content\/uploads\/2022\/04\/MECQUE-750x473.jpg 750w\" sizes=\"auto, (max-width: 771px) 100vw, 771px\" itemprop=\"image\">L\u2019Arabie saoudite a annonc\u00e9 autoriser un million de musulmans du monde entier \u00e0 participer au hajj \u00e0 La Mecque. Il s\u2019agit de la premi\u00e8re ouverture aux \u00e9trangers r\u00e9sidents hors du territoire saoudien depuis le d\u00e9but de la Covid-19 en 2020. Mais, les quotas des diff\u00e9rents pays ont \u00e9t\u00e9 ramen\u00e9s entre\u00a0<\/div>\n<p>Auteur: Adama Sylla<br \/>\n<a href=\"https:\/\/www.challenge.ma\/hajj-larabie-saoudite-reduit-le-quota-de-pelerins-par-pays-236485\/\">Cliquez ici pour lire l&rsquo;article depuis sa source.<\/a><\/p>\n","protected":false},"excerpt":{"rendered":"<p>L\u2019Arabie saoudite a annonc\u00e9 autoriser un million de musulmans du monde entier \u00e0 participer au hajj \u00e0 La Mecque. Il s\u2019agit de la premi\u00e8re ouverture aux \u00e9trangers r\u00e9sidents hors du territoire saoudien depuis le d\u00e9but de la Covid-19 en 2020. Mais, les quotas des diff\u00e9rents pays ont \u00e9t\u00e9 ramen\u00e9s entre\u00a0 Auteur: Adama Sylla Cliquez ici [&hellip;]<\/p>\n","protected":false},"author":1787,"featured_media":0,"comment_status":"closed","ping_status":"closed","sticky":false,"template":"","format":"standard","meta":{"fifu_image_url":"https:\/\/www.challenge.ma\/wp-content\/uploads\/2022\/04\/MECQUE.jpg","fifu_image_alt":"Hajj. L\u2019Arabie saoudite r\u00e9duit le quota de p\u00e8lerins par pays","footnotes":""},"categories":[78,54],"tags":[],"class_list":["post-145168","post","type-post","status-publish","format-standard","hentry","category-economie","category-maroc"],"_links":{"self":[{"href":"https:\/\/linitiative.ca\/International\/wp-json\/wp\/v2\/posts\/145168","targetHints":{"allow":["GET"]}}],"collection":[{"href":"https:\/\/linitiative.ca\/International\/wp-json\/wp\/v2\/posts"}],"about":[{"href":"https:\/\/linitiative.ca\/International\/wp-json\/wp\/v2\/types\/post"}],"author":[{"embeddable":true,"href":"https:\/\/linitiative.ca\/International\/wp-json\/wp\/v2\/users\/1787"}],"replies":[{"embeddable":true,"href":"https:\/\/linitiative.ca\/International\/wp-json\/wp\/v2\/comments?post=145168"}],"version-history":[{"count":0,"href":"https:\/\/linitiative.ca\/International\/wp-json\/wp\/v2\/posts\/145168\/revisions"}],"wp:attachment":[{"href":"https:\/\/linitiative.ca\/International\/wp-json\/wp\/v2\/media?parent=145168"}],"wp:term":[{"taxonomy":"category","embeddable":true,"href":"https:\/\/linitiative.ca\/International\/wp-json\/wp\/v2\/categories?post=145168"},{"taxonomy":"post_tag","embeddable":true,"href":"https:\/\/linitiative.ca\/International\/wp-json\/wp\/v2\/tags?post=145168"}],"curies":[{"name":"wp","href":"https:\/\/api.w.org\/{rel}","templated":true}]}}