{"id":145174,"date":"2022-04-10T16:37:42","date_gmt":"2022-04-10T20:37:42","guid":{"rendered":"https:\/\/linitiative.ca\/International\/france-elections-presidentielles-ces-candidats-ont-appele-a-voter-macron-au-second-tour\/"},"modified":"2022-04-10T16:37:42","modified_gmt":"2022-04-10T20:37:42","slug":"france-elections-presidentielles-ces-candidats-ont-appele-a-voter-macron-au-second-tour","status":"publish","type":"post","link":"https:\/\/linitiative.ca\/International\/france-elections-presidentielles-ces-candidats-ont-appele-a-voter-macron-au-second-tour\/","title":{"rendered":"France-Elections pr\u00e9sidentielles : Ces candidats ont appel\u00e9 \u00e0 voter Macron au second tour"},"content":{"rendered":"<div>\n<p>Les candidats de droite, les Verts et les partis communiste et socialiste au premier tour de l\u2019\u00e9lection pr\u00e9sidentielle fran\u00e7aise ont appel\u00e9 dimanche \u00e0 voter pour le pr\u00e9sident sortant Emmanuel Macron au second tour pour faire rempart \u00e0 la candidate d\u2019extr\u00eame droite Marine Le Pen.<\/p>\n<p>L\u2019article <a href=\"https:\/\/www.tunisienumerique.com\/france-elections-presidentielles-ces-candidats-ont-appele-a-voter-macron-au-second-tour\/\">France-Elections pr\u00e9sidentielles : Ces candidats ont appel\u00e9 \u00e0 voter Macron au second tour<\/a> est apparu en premier sur <a href=\"https:\/\/www.tunisienumerique.com\/\">Tunisie<\/a>.<\/p>\n<\/div>\n<p>Auteur: rania ben slimane<br \/>\n<a href=\"https:\/\/www.tunisienumerique.com\/france-elections-presidentielles-ces-candidats-ont-appele-a-voter-macron-au-second-tour\/\">Cliquez ici pour lire l&rsquo;article depuis sa source.<\/a><\/p>\n","protected":false},"excerpt":{"rendered":"<p>Les candidats de droite, les Verts et les partis communiste et socialiste au premier tour de l\u2019\u00e9lection pr\u00e9sidentielle fran\u00e7aise ont appel\u00e9 dimanche \u00e0 voter pour le pr\u00e9sident sortant Emmanuel Macron au second tour pour faire rempart \u00e0 la candidate d\u2019extr\u00eame droite Marine Le Pen. L\u2019article France-Elections pr\u00e9sidentielles : Ces candidats ont appel\u00e9 \u00e0 voter Macron [&hellip;]<\/p>\n","protected":false},"author":1789,"featured_media":0,"comment_status":"closed","ping_status":"closed","sticky":false,"template":"","format":"standard","meta":{"fifu_image_url":"","fifu_image_alt":"","footnotes":""},"categories":[73,55],"tags":[],"class_list":["post-145174","post","type-post","status-publish","format-standard","hentry","category-actualite","category-tunisie"],"_links":{"self":[{"href":"https:\/\/linitiative.ca\/International\/wp-json\/wp\/v2\/posts\/145174","targetHints":{"allow":["GET"]}}],"collection":[{"href":"https:\/\/linitiative.ca\/International\/wp-json\/wp\/v2\/posts"}],"about":[{"href":"https:\/\/linitiative.ca\/International\/wp-json\/wp\/v2\/types\/post"}],"author":[{"embeddable":true,"href":"https:\/\/linitiative.ca\/International\/wp-json\/wp\/v2\/users\/1789"}],"replies":[{"embeddable":true,"href":"https:\/\/linitiative.ca\/International\/wp-json\/wp\/v2\/comments?post=145174"}],"version-history":[{"count":0,"href":"https:\/\/linitiative.ca\/International\/wp-json\/wp\/v2\/posts\/145174\/revisions"}],"wp:attachment":[{"href":"https:\/\/linitiative.ca\/International\/wp-json\/wp\/v2\/media?parent=145174"}],"wp:term":[{"taxonomy":"category","embeddable":true,"href":"https:\/\/linitiative.ca\/International\/wp-json\/wp\/v2\/categories?post=145174"},{"taxonomy":"post_tag","embeddable":true,"href":"https:\/\/linitiative.ca\/International\/wp-json\/wp\/v2\/tags?post=145174"}],"curies":[{"name":"wp","href":"https:\/\/api.w.org\/{rel}","templated":true}]}}