{"id":145175,"date":"2022-04-10T16:38:41","date_gmt":"2022-04-10T20:38:41","guid":{"rendered":"https:\/\/linitiative.ca\/International\/en-voile-deces-de-eya-guezguez-a-lentrainement\/"},"modified":"2022-04-10T16:38:41","modified_gmt":"2022-04-10T20:38:41","slug":"en-voile-deces-de-eya-guezguez-a-lentrainement","status":"publish","type":"post","link":"https:\/\/linitiative.ca\/International\/en-voile-deces-de-eya-guezguez-a-lentrainement\/","title":{"rendered":"EN Voile : D\u00e9c\u00e8s de Eya Guezguez \u00e0 l\u2019entra\u00eenement !"},"content":{"rendered":"<div>\n<p>TN Sports a appris avec tristesse le d\u00e9c\u00e8s de Eya Guezguez, 16 ans, suite \u00e0 un accident lors des entra\u00eenements de l\u2019EN de voile. Eya, \u00e9tait avec sa s\u0153ur jumelle, la plus jeune Olympienne \u00e0 Tokyo 2020+1. Paix \u00e0 son \u00e2me.<\/p>\n<p>L\u2019article <a href=\"https:\/\/sport.tunisienumerique.com\/en-voile-deces-de-eya-guezguez-a-lentrainement\/\">EN Voile : D\u00e9c\u00e8s de Eya Guezguez \u00e0 l\u2019entra\u00eenement !<\/a> est apparu en premier sur <a href=\"https:\/\/www.tunisienumerique.com\/\">Tunisie<\/a>.<\/p>\n<\/div>\n<p>Auteur: Hamza Ben Khlifa<br \/>\n<a href=\"https:\/\/sport.tunisienumerique.com\/en-voile-deces-de-eya-guezguez-a-lentrainement\/\">Cliquez ici pour lire l&rsquo;article depuis sa source.<\/a><\/p>\n","protected":false},"excerpt":{"rendered":"<p>TN Sports a appris avec tristesse le d\u00e9c\u00e8s de Eya Guezguez, 16 ans, suite \u00e0 un accident lors des entra\u00eenements de l\u2019EN de voile. Eya, \u00e9tait avec sa s\u0153ur jumelle, la plus jeune Olympienne \u00e0 Tokyo 2020+1. Paix \u00e0 son \u00e2me. L\u2019article EN Voile : D\u00e9c\u00e8s de Eya Guezguez \u00e0 l\u2019entra\u00eenement ! est apparu en [&hellip;]<\/p>\n","protected":false},"author":1789,"featured_media":0,"comment_status":"closed","ping_status":"closed","sticky":false,"template":"","format":"standard","meta":{"fifu_image_url":"","fifu_image_alt":"","footnotes":""},"categories":[73,55],"tags":[],"class_list":["post-145175","post","type-post","status-publish","format-standard","hentry","category-actualite","category-tunisie"],"_links":{"self":[{"href":"https:\/\/linitiative.ca\/International\/wp-json\/wp\/v2\/posts\/145175","targetHints":{"allow":["GET"]}}],"collection":[{"href":"https:\/\/linitiative.ca\/International\/wp-json\/wp\/v2\/posts"}],"about":[{"href":"https:\/\/linitiative.ca\/International\/wp-json\/wp\/v2\/types\/post"}],"author":[{"embeddable":true,"href":"https:\/\/linitiative.ca\/International\/wp-json\/wp\/v2\/users\/1789"}],"replies":[{"embeddable":true,"href":"https:\/\/linitiative.ca\/International\/wp-json\/wp\/v2\/comments?post=145175"}],"version-history":[{"count":0,"href":"https:\/\/linitiative.ca\/International\/wp-json\/wp\/v2\/posts\/145175\/revisions"}],"wp:attachment":[{"href":"https:\/\/linitiative.ca\/International\/wp-json\/wp\/v2\/media?parent=145175"}],"wp:term":[{"taxonomy":"category","embeddable":true,"href":"https:\/\/linitiative.ca\/International\/wp-json\/wp\/v2\/categories?post=145175"},{"taxonomy":"post_tag","embeddable":true,"href":"https:\/\/linitiative.ca\/International\/wp-json\/wp\/v2\/tags?post=145175"}],"curies":[{"name":"wp","href":"https:\/\/api.w.org\/{rel}","templated":true}]}}