{"id":145176,"date":"2022-04-10T16:55:09","date_gmt":"2022-04-10T20:55:09","guid":{"rendered":"https:\/\/linitiative.ca\/International\/ligue-1-pro-naim-hosni-et-ses-assistants-convoques-par-la-dna\/"},"modified":"2022-04-10T16:55:09","modified_gmt":"2022-04-10T20:55:09","slug":"ligue-1-pro-naim-hosni-et-ses-assistants-convoques-par-la-dna","status":"publish","type":"post","link":"https:\/\/linitiative.ca\/International\/ligue-1-pro-naim-hosni-et-ses-assistants-convoques-par-la-dna\/","title":{"rendered":"Ligue 1 Pro : Na\u00efm Hosni et ses assistants convoqu\u00e9s par la DNA !"},"content":{"rendered":"<div>\n<p>La page officielle de la FTF a annonc\u00e9 que le trio arbitral, compos\u00e9 de Na\u00efm Hosni et ses deux adjoints Amor Riahi et Aymen Riadhi sifflant ce dimanche le match de l\u2019Espoir sportif d\u2019Hammam-Sousse et l\u2019Union sportive de Ben Guerdane (1-1), a \u00e9t\u00e9 convoqu\u00e9 par la direction nationale d\u2019arbitrage (DNA). La raison ! C\u2019est simple. [\u2026]<\/p>\n<p>L\u2019article <a href=\"https:\/\/sport.tunisienumerique.com\/ligue-1-pro-naim-hosni-et-ses-assistants-convoques-par-la-dna\/\">Ligue 1 Pro : Na\u00efm Hosni et ses assistants convoqu\u00e9s par la DNA !<\/a> est apparu en premier sur <a href=\"https:\/\/www.tunisienumerique.com\/\">Tunisie<\/a>.<\/p>\n<\/div>\n<p>Auteur: Hamza Ben Khlifa<br \/>\n<a href=\"https:\/\/sport.tunisienumerique.com\/ligue-1-pro-naim-hosni-et-ses-assistants-convoques-par-la-dna\/\">Cliquez ici pour lire l&rsquo;article depuis sa source.<\/a><\/p>\n","protected":false},"excerpt":{"rendered":"<p>La page officielle de la FTF a annonc\u00e9 que le trio arbitral, compos\u00e9 de Na\u00efm Hosni et ses deux adjoints Amor Riahi et Aymen Riadhi sifflant ce dimanche le match de l\u2019Espoir sportif d\u2019Hammam-Sousse et l\u2019Union sportive de Ben Guerdane (1-1), a \u00e9t\u00e9 convoqu\u00e9 par la direction nationale d\u2019arbitrage (DNA). La raison ! C\u2019est simple. [&hellip;]<\/p>\n","protected":false},"author":1789,"featured_media":0,"comment_status":"closed","ping_status":"closed","sticky":false,"template":"","format":"standard","meta":{"fifu_image_url":"","fifu_image_alt":"","footnotes":""},"categories":[73,55],"tags":[],"class_list":["post-145176","post","type-post","status-publish","format-standard","hentry","category-actualite","category-tunisie"],"_links":{"self":[{"href":"https:\/\/linitiative.ca\/International\/wp-json\/wp\/v2\/posts\/145176","targetHints":{"allow":["GET"]}}],"collection":[{"href":"https:\/\/linitiative.ca\/International\/wp-json\/wp\/v2\/posts"}],"about":[{"href":"https:\/\/linitiative.ca\/International\/wp-json\/wp\/v2\/types\/post"}],"author":[{"embeddable":true,"href":"https:\/\/linitiative.ca\/International\/wp-json\/wp\/v2\/users\/1789"}],"replies":[{"embeddable":true,"href":"https:\/\/linitiative.ca\/International\/wp-json\/wp\/v2\/comments?post=145176"}],"version-history":[{"count":0,"href":"https:\/\/linitiative.ca\/International\/wp-json\/wp\/v2\/posts\/145176\/revisions"}],"wp:attachment":[{"href":"https:\/\/linitiative.ca\/International\/wp-json\/wp\/v2\/media?parent=145176"}],"wp:term":[{"taxonomy":"category","embeddable":true,"href":"https:\/\/linitiative.ca\/International\/wp-json\/wp\/v2\/categories?post=145176"},{"taxonomy":"post_tag","embeddable":true,"href":"https:\/\/linitiative.ca\/International\/wp-json\/wp\/v2\/tags?post=145176"}],"curies":[{"name":"wp","href":"https:\/\/api.w.org\/{rel}","templated":true}]}}