{"id":145177,"date":"2022-04-10T17:07:34","date_gmt":"2022-04-10T21:07:34","guid":{"rendered":"https:\/\/linitiative.ca\/International\/caf-cl-un-nouveau-coach-pour-ladversaire-de-lest\/"},"modified":"2022-04-10T17:07:34","modified_gmt":"2022-04-10T21:07:34","slug":"caf-cl-un-nouveau-coach-pour-ladversaire-de-lest","status":"publish","type":"post","link":"https:\/\/linitiative.ca\/International\/caf-cl-un-nouveau-coach-pour-ladversaire-de-lest\/","title":{"rendered":"CAF CL : Un nouveau coach pour l\u2019adversaire de l\u2019EST"},"content":{"rendered":"<div>\n<p>24 heures apr\u00e8s la d\u00e9faite contre le MC Oran 0-1 pour le compte du match retard de la 21e journ\u00e9e de Ligue 1 alg\u00e9rienne, la direction de l\u2019Entente S\u00e9tifienne, adversaire de l\u2019Esp\u00e9rance de Tunis en CAF CL la semaine prochaine, a trouv\u00e9 le successeur du coach tunisien Nabil Kouki. Il s\u2019agit du serbe Dejan Arsov, [\u2026]<\/p>\n<p>L\u2019article <a href=\"https:\/\/sport.tunisienumerique.com\/caf-cl-un-nouveau-coach-pour-ladversaire-de-lest\/\">CAF CL : Un nouveau coach pour l\u2019adversaire de l\u2019EST<\/a> est apparu en premier sur <a href=\"https:\/\/www.tunisienumerique.com\/\">Tunisie<\/a>.<\/p>\n<\/div>\n<p>Auteur: Hamza Ben Khlifa<br \/>\n<a href=\"https:\/\/sport.tunisienumerique.com\/caf-cl-un-nouveau-coach-pour-ladversaire-de-lest\/\">Cliquez ici pour lire l&rsquo;article depuis sa source.<\/a><\/p>\n","protected":false},"excerpt":{"rendered":"<p>24 heures apr\u00e8s la d\u00e9faite contre le MC Oran 0-1 pour le compte du match retard de la 21e journ\u00e9e de Ligue 1 alg\u00e9rienne, la direction de l\u2019Entente S\u00e9tifienne, adversaire de l\u2019Esp\u00e9rance de Tunis en CAF CL la semaine prochaine, a trouv\u00e9 le successeur du coach tunisien Nabil Kouki. Il s\u2019agit du serbe Dejan Arsov, [&hellip;]<\/p>\n","protected":false},"author":1789,"featured_media":0,"comment_status":"closed","ping_status":"closed","sticky":false,"template":"","format":"standard","meta":{"fifu_image_url":"","fifu_image_alt":"","footnotes":""},"categories":[73,55],"tags":[],"class_list":["post-145177","post","type-post","status-publish","format-standard","hentry","category-actualite","category-tunisie"],"_links":{"self":[{"href":"https:\/\/linitiative.ca\/International\/wp-json\/wp\/v2\/posts\/145177","targetHints":{"allow":["GET"]}}],"collection":[{"href":"https:\/\/linitiative.ca\/International\/wp-json\/wp\/v2\/posts"}],"about":[{"href":"https:\/\/linitiative.ca\/International\/wp-json\/wp\/v2\/types\/post"}],"author":[{"embeddable":true,"href":"https:\/\/linitiative.ca\/International\/wp-json\/wp\/v2\/users\/1789"}],"replies":[{"embeddable":true,"href":"https:\/\/linitiative.ca\/International\/wp-json\/wp\/v2\/comments?post=145177"}],"version-history":[{"count":0,"href":"https:\/\/linitiative.ca\/International\/wp-json\/wp\/v2\/posts\/145177\/revisions"}],"wp:attachment":[{"href":"https:\/\/linitiative.ca\/International\/wp-json\/wp\/v2\/media?parent=145177"}],"wp:term":[{"taxonomy":"category","embeddable":true,"href":"https:\/\/linitiative.ca\/International\/wp-json\/wp\/v2\/categories?post=145177"},{"taxonomy":"post_tag","embeddable":true,"href":"https:\/\/linitiative.ca\/International\/wp-json\/wp\/v2\/tags?post=145177"}],"curies":[{"name":"wp","href":"https:\/\/api.w.org\/{rel}","templated":true}]}}