{"id":145179,"date":"2022-04-10T15:38:24","date_gmt":"2022-04-10T19:38:24","guid":{"rendered":"https:\/\/linitiative.ca\/International\/retour-au-bercail-de-lex-president-guineen-peut-on-juger-maintenant-alpha-conde\/"},"modified":"2022-04-10T15:38:24","modified_gmt":"2022-04-10T19:38:24","slug":"retour-au-bercail-de-lex-president-guineen-peut-on-juger-maintenant-alpha-conde","status":"publish","type":"post","link":"https:\/\/linitiative.ca\/International\/retour-au-bercail-de-lex-president-guineen-peut-on-juger-maintenant-alpha-conde\/","title":{"rendered":"RETOUR AU BERCAIL DE L\u2019EX-PRESIDENT GUINEEN : Peut-on juger maintenant Alpha Cond\u00e9\u00a0?"},"content":{"rendered":"<div>\n<p><img decoding=\"async\" width=\"768\" height=\"576\" src=\"https:\/\/linitiative.ca\/International\/wp-content\/uploads\/sites\/23\/2022\/04\/CONDE.jpg\" class=\"attachment- size- wp-post-image\" alt=\"\" loading=\"lazy\" style=\"float:left; margin:0 15px 15px 0;\" srcset=\"https:\/\/linitiative.ca\/International\/wp-content\/uploads\/sites\/23\/2022\/04\/CONDE.jpg 768w, https:\/\/lepays.bf\/wp-content\/uploads\/2022\/04\/CONDE-300x225.jpg 300w, https:\/\/lepays.bf\/wp-content\/uploads\/2022\/04\/CONDE-150x113.jpg 150w\" sizes=\"auto, (max-width: 768px) 100vw, 768px\">Apr\u00e8s trois mois de s\u00e9jour aux Emirats arabes Unis o\u00f9 il s\u2019\u00e9tait rendu pour des soins m\u00e9dicaux, l\u2019ex-pr\u00e9sident guin\u00e9en, Alpha Cond\u00e9, est de retour au bercail. En toute discr\u00e9tion, il est arriv\u00e9, le 8 avril dernier, \u00e0 Conakry o\u00f9 il a aussit\u00f4t rejoint le domicile [\u2026]<\/p>\n<p>L\u2019article <a rel=\"nofollow\" href=\"https:\/\/lepays.bf\/retour-au-bercail-de-lex-president-guineen-peut-on-juger-maintenant-alpha-conde\/\">RETOUR AU BERCAIL DE L\u2019EX-PRESIDENT GUINEEN : Peut-on juger maintenant Alpha Cond\u00e9\u00a0?<\/a> est apparu en premier sur <a rel=\"nofollow\" href=\"https:\/\/lepays.bf\/\">Editions Le Pays<\/a>.<\/p>\n<\/div>\n<p>Auteur: Editions LEPAYS<br \/>\n<a href=\"https:\/\/lepays.bf\/retour-au-bercail-de-lex-president-guineen-peut-on-juger-maintenant-alpha-conde\/\">Cliquez ici pour lire l&rsquo;article depuis sa source.<\/a><\/p>\n","protected":false},"excerpt":{"rendered":"<p>Apr\u00e8s trois mois de s\u00e9jour aux Emirats arabes Unis o\u00f9 il s\u2019\u00e9tait rendu pour des soins m\u00e9dicaux, l\u2019ex-pr\u00e9sident guin\u00e9en, Alpha Cond\u00e9, est de retour au bercail. En toute discr\u00e9tion, il est arriv\u00e9, le 8 avril dernier, \u00e0 Conakry o\u00f9 il a aussit\u00f4t rejoint le domicile [\u2026] L\u2019article RETOUR AU BERCAIL DE L\u2019EX-PRESIDENT GUINEEN : Peut-on [&hellip;]<\/p>\n","protected":false},"author":1813,"featured_media":0,"comment_status":"closed","ping_status":"closed","sticky":false,"template":"","format":"standard","meta":{"fifu_image_url":"https:\/\/lepays.bf\/wp-content\/uploads\/2022\/04\/CONDE.jpg","fifu_image_alt":"RETOUR AU BERCAIL DE L\u2019EX-PRESIDENT GUINEEN : Peut-on juger maintenant Alpha Cond\u00e9\u00a0?","footnotes":""},"categories":[73,81],"tags":[],"class_list":["post-145179","post","type-post","status-publish","format-standard","hentry","category-actualite","category-burkina-faso"],"_links":{"self":[{"href":"https:\/\/linitiative.ca\/International\/wp-json\/wp\/v2\/posts\/145179","targetHints":{"allow":["GET"]}}],"collection":[{"href":"https:\/\/linitiative.ca\/International\/wp-json\/wp\/v2\/posts"}],"about":[{"href":"https:\/\/linitiative.ca\/International\/wp-json\/wp\/v2\/types\/post"}],"author":[{"embeddable":true,"href":"https:\/\/linitiative.ca\/International\/wp-json\/wp\/v2\/users\/1813"}],"replies":[{"embeddable":true,"href":"https:\/\/linitiative.ca\/International\/wp-json\/wp\/v2\/comments?post=145179"}],"version-history":[{"count":0,"href":"https:\/\/linitiative.ca\/International\/wp-json\/wp\/v2\/posts\/145179\/revisions"}],"wp:attachment":[{"href":"https:\/\/linitiative.ca\/International\/wp-json\/wp\/v2\/media?parent=145179"}],"wp:term":[{"taxonomy":"category","embeddable":true,"href":"https:\/\/linitiative.ca\/International\/wp-json\/wp\/v2\/categories?post=145179"},{"taxonomy":"post_tag","embeddable":true,"href":"https:\/\/linitiative.ca\/International\/wp-json\/wp\/v2\/tags?post=145179"}],"curies":[{"name":"wp","href":"https:\/\/api.w.org\/{rel}","templated":true}]}}