{"id":145181,"date":"2022-04-10T15:41:27","date_gmt":"2022-04-10T19:41:27","guid":{"rendered":"https:\/\/linitiative.ca\/International\/refus-dune-enquete-independante-sur-le-drame-de-moura-de-quoi-bamako-et-moscou-ont-elles-peur\/"},"modified":"2022-04-10T15:41:27","modified_gmt":"2022-04-10T19:41:27","slug":"refus-dune-enquete-independante-sur-le-drame-de-moura-de-quoi-bamako-et-moscou-ont-elles-peur","status":"publish","type":"post","link":"https:\/\/linitiative.ca\/International\/refus-dune-enquete-independante-sur-le-drame-de-moura-de-quoi-bamako-et-moscou-ont-elles-peur\/","title":{"rendered":"REFUS D\u2019UNE ENQUETE INDEPENDANTE SUR LE DRAME DE MOURA : De quoi Bamako et Moscou ont-elles peur\u00a0?"},"content":{"rendered":"<div>\n<p><img loading=\"lazy\" decoding=\"async\" width=\"870\" height=\"514\" src=\"https:\/\/lepays.bf\/wp-content\/uploads\/2022\/04\/ONU_conseil_de_securite_0005.webp\" class=\"attachment- size- wp-post-image\" alt=\"\" style=\"float:left; margin:0 15px 15px 0;\" srcset=\"https:\/\/lepays.bf\/wp-content\/uploads\/2022\/04\/ONU_conseil_de_securite_0005.webp 870w, https:\/\/lepays.bf\/wp-content\/uploads\/2022\/04\/ONU_conseil_de_securite_0005-300x177.webp 300w, https:\/\/lepays.bf\/wp-content\/uploads\/2022\/04\/ONU_conseil_de_securite_0005-150x89.webp 150w, https:\/\/lepays.bf\/wp-content\/uploads\/2022\/04\/ONU_conseil_de_securite_0005-768x454.webp 768w\" sizes=\"auto, (max-width: 870px) 100vw, 870px\">Le cruel et massif massacre pr\u00e9sum\u00e9 de civils dans le village malien de Moura et ses alentours, du 23 au 31 mars dernier, a provoqu\u00e9, comme chacun le sait, un v\u00e9ritable \u00e9lectrochoc sur l\u2019opinion publique tant au Mali qu\u2019\u00e0 l\u2019ext\u00e9rieur, amplifi\u00e9 par la force des [\u2026]<\/p>\n<p>L\u2019article <a rel=\"nofollow\" href=\"https:\/\/lepays.bf\/refus-dune-enquete-independante-sur-le-drame-de-moura-de-quoi-bamako-et-moscou-ont-elles-peur\/\">REFUS D\u2019UNE ENQUETE INDEPENDANTE SUR LE DRAME DE MOURA : De quoi Bamako et Moscou ont-elles peur\u00a0?<\/a> est apparu en premier sur <a rel=\"nofollow\" href=\"https:\/\/lepays.bf\/\">Editions Le Pays<\/a>.<\/p>\n<\/div>\n<p>Auteur: Editions LEPAYS<br \/>\n<a href=\"https:\/\/lepays.bf\/refus-dune-enquete-independante-sur-le-drame-de-moura-de-quoi-bamako-et-moscou-ont-elles-peur\/\">Cliquez ici pour lire l&rsquo;article depuis sa source.<\/a><\/p>\n","protected":false},"excerpt":{"rendered":"<p>Le cruel et massif massacre pr\u00e9sum\u00e9 de civils dans le village malien de Moura et ses alentours, du 23 au 31 mars dernier, a provoqu\u00e9, comme chacun le sait, un v\u00e9ritable \u00e9lectrochoc sur l\u2019opinion publique tant au Mali qu\u2019\u00e0 l\u2019ext\u00e9rieur, amplifi\u00e9 par la force des [\u2026] L\u2019article REFUS D\u2019UNE ENQUETE INDEPENDANTE SUR LE DRAME DE [&hellip;]<\/p>\n","protected":false},"author":1813,"featured_media":0,"comment_status":"closed","ping_status":"closed","sticky":false,"template":"","format":"standard","meta":{"fifu_image_url":"https:\/\/lepays.bf\/wp-content\/uploads\/2022\/04\/ONU_conseil_de_securite_0005.webp","fifu_image_alt":"REFUS D\u2019UNE ENQUETE INDEPENDANTE SUR LE DRAME DE MOURA : De quoi Bamako et Moscou ont-elles peur\u00a0?","footnotes":""},"categories":[73,81],"tags":[],"class_list":["post-145181","post","type-post","status-publish","format-standard","hentry","category-actualite","category-burkina-faso"],"_links":{"self":[{"href":"https:\/\/linitiative.ca\/International\/wp-json\/wp\/v2\/posts\/145181","targetHints":{"allow":["GET"]}}],"collection":[{"href":"https:\/\/linitiative.ca\/International\/wp-json\/wp\/v2\/posts"}],"about":[{"href":"https:\/\/linitiative.ca\/International\/wp-json\/wp\/v2\/types\/post"}],"author":[{"embeddable":true,"href":"https:\/\/linitiative.ca\/International\/wp-json\/wp\/v2\/users\/1813"}],"replies":[{"embeddable":true,"href":"https:\/\/linitiative.ca\/International\/wp-json\/wp\/v2\/comments?post=145181"}],"version-history":[{"count":0,"href":"https:\/\/linitiative.ca\/International\/wp-json\/wp\/v2\/posts\/145181\/revisions"}],"wp:attachment":[{"href":"https:\/\/linitiative.ca\/International\/wp-json\/wp\/v2\/media?parent=145181"}],"wp:term":[{"taxonomy":"category","embeddable":true,"href":"https:\/\/linitiative.ca\/International\/wp-json\/wp\/v2\/categories?post=145181"},{"taxonomy":"post_tag","embeddable":true,"href":"https:\/\/linitiative.ca\/International\/wp-json\/wp\/v2\/tags?post=145181"}],"curies":[{"name":"wp","href":"https:\/\/api.w.org\/{rel}","templated":true}]}}