{"id":145182,"date":"2022-04-10T07:04:33","date_gmt":"2022-04-10T11:04:33","guid":{"rendered":"https:\/\/linitiative.ca\/International\/arabie-saoudite-lextension-de-la-mosquee-de-quba-lancee-par-le-prince-heritier\/"},"modified":"2022-04-10T07:04:33","modified_gmt":"2022-04-10T11:04:33","slug":"arabie-saoudite-lextension-de-la-mosquee-de-quba-lancee-par-le-prince-heritier","status":"publish","type":"post","link":"https:\/\/linitiative.ca\/International\/arabie-saoudite-lextension-de-la-mosquee-de-quba-lancee-par-le-prince-heritier\/","title":{"rendered":"Arabie Saoudite\u00a0: L\u2019extension de la mosqu\u00e9e de Quba lanc\u00e9e par le prince h\u00e9ritier"},"content":{"rendered":"<div>\n<p><strong>Son Altesse Royale le Prince Muhammad bin Salman bin Abdulaziz Al Saud, Prince h\u00e9ritier, Vice-pr\u00e9sident du conseil des Ministres, et Pr\u00e9sident du Conseil des affaires \u00e9conomiques et de d\u00e9veloppement a annonc\u00e9 le lancement de la plus grande extension de l\u2019histoire de la mosqu\u00e9e de Quba, et le d\u00e9veloppement de la zone environnante, le vendredi 8 avril 2022. Sur la m\u00eame lanc\u00e9e, il a ordonn\u00e9 de nommer le projet au nom du Serviteur des Deux Saintes Mosqu\u00e9es, le roi Salman bin Abdulaziz.<\/strong><\/p>\n<p>L\u2019extension de la mosqu\u00e9e de Quba vient d\u2019\u00eatre lanc\u00e9e par le prince h\u00e9ritier, Prince Muhammad bin Salman bin Abdulaziz Al Saud. Le projet d\u2019extension de la mosqu\u00e9e de Quba et de l\u2019am\u00e9nagement de ses environs vise \u00e0 porter la superficie totale de la mosqu\u00e9e \u00e0 50 000 m\u00e8tres carr\u00e9s, soit 10 fois plus que sa superficie actuelle. Ces travaux vont permettre de porter sa capacit\u00e9 d\u2019accueil \u00e0 66 000 fid\u00e8les.<\/p>\n<p>D\u00e9nomm\u00e9 projet Roi Salman, il est le plus grand de l\u2019histoire de la mosqu\u00e9e de Quba depuis sa cr\u00e9ation la premi\u00e8re ann\u00e9e de l\u2019h\u00e9gire. Son Altesse le Prince H\u00e9ritier a salu\u00e9 le grand soin qu\u2019accorde le Serviteur des Deux Saintes Mosqu\u00e9es, le Roi Salman bin Abdulaziz Al Saud \u00e0 la Mosqu\u00e9e de Quba, premi\u00e8re mosqu\u00e9e construite en Islam. Il a indiqu\u00e9 que ce projet vise \u00e0 accueillir le plus grand nombre de fid\u00e8les en p\u00e9riode de saisons et de pics.<\/p>\n<p><img decoding=\"async\" loading=\"lazy\" class=\"alignnone wp-image-47889 size-full\" src=\"https:\/\/linitiative.ca\/International\/wp-content\/uploads\/sites\/23\/2022\/04\/1-22.jpg\" alt=\"\" width=\"900\" height=\"696\" srcset=\"https:\/\/linitiative.ca\/International\/wp-content\/uploads\/sites\/23\/2022\/04\/1-22.jpg 900w, https:\/\/www.sidwaya.info\/wp-content\/uploads\/2022\/04\/1-22-300x232.jpg 300w, https:\/\/www.sidwaya.info\/wp-content\/uploads\/2022\/04\/1-22-768x594.jpg 768w, https:\/\/www.sidwaya.info\/wp-content\/uploads\/2022\/04\/1-22-150x116.jpg 150w, https:\/\/www.sidwaya.info\/wp-content\/uploads\/2022\/04\/1-22-696x538.jpg 696w, https:\/\/www.sidwaya.info\/wp-content\/uploads\/2022\/04\/1-22-543x420.jpg 543w\" sizes=\"auto, (max-width: 900px) 100vw, 900px\"><\/p>\n<p>Il vise \u00e9galement \u00e0 souligner l\u2019importance religieuse et documenter les caract\u00e9ristiques historiques du quartier de Quba, en pr\u00e9servant son style urbain et architectural, et les monuments historiques situ\u00e9s \u00e0 proximit\u00e9 de la mosqu\u00e9e.<\/p>\n<p>Le projet comprend le d\u00e9veloppement et l\u2019am\u00e9nagement de 57 sites historiques dont de nombreux puits, fermes et vergers reliant trois chemins proph\u00e9tiques.<\/p>\n<p style=\"text-align: right\"><strong>Une synth\u00e8se de Karim BADOLO<\/strong><\/p>\n<p style=\"text-align: right\"><strong>Source\u00a0: SPA<\/strong><\/p>\n<p>L\u2019article <a rel=\"nofollow\" href=\"https:\/\/www.sidwaya.info\/blog\/2022\/04\/10\/arabie-saoudite-lextension-de-la-mosquee-de-quba-lancee-par-le-prince-heritier\/\">Arabie Saoudite\u00a0: L\u2019extension de la mosqu\u00e9e de Quba lanc\u00e9e par le prince h\u00e9ritier<\/a> est apparu en premier sur <a rel=\"nofollow\" href=\"https:\/\/www.sidwaya.info\/\">Quotidien Sidwaya<\/a>.<\/p>\n<\/div>\n<p>Auteur: Wamini SIDWAYA<br \/>\n<a href=\"https:\/\/www.sidwaya.info\/blog\/2022\/04\/10\/arabie-saoudite-lextension-de-la-mosquee-de-quba-lancee-par-le-prince-heritier\/?utm_source=rss&#038;utm_medium=rss&#038;utm_campaign=arabie-saoudite-lextension-de-la-mosquee-de-quba-lancee-par-le-prince-heritier\">Cliquez ici pour lire l&rsquo;article depuis sa source.<\/a><\/p>\n","protected":false},"excerpt":{"rendered":"<p>Son Altesse Royale le Prince Muhammad bin Salman bin Abdulaziz Al Saud, Prince h\u00e9ritier, Vice-pr\u00e9sident du conseil des Ministres, et Pr\u00e9sident du Conseil des affaires \u00e9conomiques et de d\u00e9veloppement a annonc\u00e9 le lancement de la plus grande extension de l\u2019histoire de la mosqu\u00e9e de Quba, et le d\u00e9veloppement de la zone environnante, le vendredi 8 [&hellip;]<\/p>\n","protected":false},"author":1816,"featured_media":0,"comment_status":"closed","ping_status":"closed","sticky":false,"template":"","format":"standard","meta":{"fifu_image_url":"https:\/\/www.sidwaya.info\/wp-content\/uploads\/2022\/04\/1-22.jpg","fifu_image_alt":"Arabie Saoudite\u00a0: L\u2019extension de la mosqu\u00e9e de Quba lanc\u00e9e par le prince h\u00e9ritier","footnotes":""},"categories":[73,81],"tags":[],"class_list":["post-145182","post","type-post","status-publish","format-standard","hentry","category-actualite","category-burkina-faso"],"_links":{"self":[{"href":"https:\/\/linitiative.ca\/International\/wp-json\/wp\/v2\/posts\/145182","targetHints":{"allow":["GET"]}}],"collection":[{"href":"https:\/\/linitiative.ca\/International\/wp-json\/wp\/v2\/posts"}],"about":[{"href":"https:\/\/linitiative.ca\/International\/wp-json\/wp\/v2\/types\/post"}],"author":[{"embeddable":true,"href":"https:\/\/linitiative.ca\/International\/wp-json\/wp\/v2\/users\/1816"}],"replies":[{"embeddable":true,"href":"https:\/\/linitiative.ca\/International\/wp-json\/wp\/v2\/comments?post=145182"}],"version-history":[{"count":0,"href":"https:\/\/linitiative.ca\/International\/wp-json\/wp\/v2\/posts\/145182\/revisions"}],"wp:attachment":[{"href":"https:\/\/linitiative.ca\/International\/wp-json\/wp\/v2\/media?parent=145182"}],"wp:term":[{"taxonomy":"category","embeddable":true,"href":"https:\/\/linitiative.ca\/International\/wp-json\/wp\/v2\/categories?post=145182"},{"taxonomy":"post_tag","embeddable":true,"href":"https:\/\/linitiative.ca\/International\/wp-json\/wp\/v2\/tags?post=145182"}],"curies":[{"name":"wp","href":"https:\/\/api.w.org\/{rel}","templated":true}]}}