{"id":145184,"date":"2022-04-10T07:20:59","date_gmt":"2022-04-10T11:20:59","guid":{"rendered":"https:\/\/linitiative.ca\/International\/burkina-bassolma-bazie-demande-de-suspendre-jusqu-a-nouvel-ordre-le-recrutement-sur-mesures-nouvelles-speciales\/"},"modified":"2022-04-10T07:20:59","modified_gmt":"2022-04-10T11:20:59","slug":"burkina-bassolma-bazie-demande-de-suspendre-jusqu-a-nouvel-ordre-le-recrutement-sur-mesures-nouvelles-speciales","status":"publish","type":"post","link":"https:\/\/linitiative.ca\/International\/burkina-bassolma-bazie-demande-de-suspendre-jusqu-a-nouvel-ordre-le-recrutement-sur-mesures-nouvelles-speciales\/","title":{"rendered":"Burkina : Bassolma Bazi\u00e9 demande de suspendre jusqu\u2019 \u00e0 nouvel ordre, le recrutement sur mesures nouvelles sp\u00e9ciales."},"content":{"rendered":"<div>\n<p>Le ministre en charge de la Fonction Publique, Bassolma Bazie a indiqu\u00e9 que l\u2019acc\u00e8s \u00e0 l\u2019emploi public sera conditionn\u00e9 uniquement par l\u2019admission a un concours direct jusqu\u2019 \u00e0 nouvel ordre. Il pointe le manque d\u2019\u00e9galit\u00e9 et le caract\u00e8re discriminatoire des concours sur mesures nouvelles.<\/p>\n<p>Dans une lettre du 5 avril 2022, il a demand\u00e9 \u00e0 ses coll\u00e8gues et aux pr\u00e9sidents d\u2019institutions de suspendre jusqu\u2019 \u00e0 nouvel ordre, la planification et le recrutement sur mesures nouvelles sp\u00e9ciales.<\/p>\n<p>En rappel, les concours sur mesures nouvelles sont organis\u00e9s pour recruter des profils particuliers ou pour parer \u00e0 des besoins pressants.<\/p>\n<p>Selon Bassolma Bazi\u00e9, ces modalit\u00e9s de recrutement ont \u00e9t\u00e9 \u00ab\u00a0d\u00e9voy\u00e9s\u00a0\u00bb car elles brisent le principe d\u2019\u00e9galit\u00e9 et favorise ceux qui ont les moyens de s\u2019inscrire sur titre dans les \u00e9coles de formation professionnelle.<\/p>\n<p>Pour y rem\u00e9dier, la Fonction publique compte aider toutes les structures publiques \u00e0 pourvoir \u00e0 leurs besoins en ressources humaines, \u00ab\u00a0suivant la seule modalit\u00e9 des concours directs op\u00e9r\u00e9s sur la base de dipl\u00f4mes acad\u00e9miques pour les concours suivis ou non de formation\u00a0\u00bb.<\/p>\n<p>\u00a0<\/p>\n<p style=\"text-align: right\"><strong>La R\u00e9daction<\/strong><\/p>\n<p>L\u2019article <a rel=\"nofollow\" href=\"https:\/\/www.sidwaya.info\/blog\/2022\/04\/10\/burkina-bassolma-bazie-demande-de-suspendre-jusqu-a-nouvel-ordre-le-recrutement-sur-mesures-nouvelles-speciales\/\">Burkina : Bassolma Bazi\u00e9 demande de suspendre jusqu\u2019 \u00e0 nouvel ordre, le recrutement sur mesures nouvelles sp\u00e9ciales.<\/a> est apparu en premier sur <a rel=\"nofollow\" href=\"https:\/\/www.sidwaya.info\/\">Quotidien Sidwaya<\/a>.<\/p>\n<\/div>\n<p>Auteur: Wamini SIDWAYA<br \/>\n<a href=\"https:\/\/www.sidwaya.info\/blog\/2022\/04\/10\/burkina-bassolma-bazie-demande-de-suspendre-jusqu-a-nouvel-ordre-le-recrutement-sur-mesures-nouvelles-speciales\/?utm_source=rss&#038;utm_medium=rss&#038;utm_campaign=burkina-bassolma-bazie-demande-de-suspendre-jusqu-a-nouvel-ordre-le-recrutement-sur-mesures-nouvelles-speciales\">Cliquez ici pour lire l&rsquo;article depuis sa source.<\/a><\/p>\n","protected":false},"excerpt":{"rendered":"<p>Le ministre en charge de la Fonction Publique, Bassolma Bazie a indiqu\u00e9 que l\u2019acc\u00e8s \u00e0 l\u2019emploi public sera conditionn\u00e9 uniquement par l\u2019admission a un concours direct jusqu\u2019 \u00e0 nouvel ordre. Il pointe le manque d\u2019\u00e9galit\u00e9 et le caract\u00e8re discriminatoire des concours sur mesures nouvelles. Dans une lettre du 5 avril 2022, il a demand\u00e9 \u00e0 [&hellip;]<\/p>\n","protected":false},"author":1816,"featured_media":0,"comment_status":"closed","ping_status":"closed","sticky":false,"template":"","format":"standard","meta":{"fifu_image_url":"","fifu_image_alt":"","footnotes":""},"categories":[73,81],"tags":[],"class_list":["post-145184","post","type-post","status-publish","format-standard","hentry","category-actualite","category-burkina-faso"],"_links":{"self":[{"href":"https:\/\/linitiative.ca\/International\/wp-json\/wp\/v2\/posts\/145184","targetHints":{"allow":["GET"]}}],"collection":[{"href":"https:\/\/linitiative.ca\/International\/wp-json\/wp\/v2\/posts"}],"about":[{"href":"https:\/\/linitiative.ca\/International\/wp-json\/wp\/v2\/types\/post"}],"author":[{"embeddable":true,"href":"https:\/\/linitiative.ca\/International\/wp-json\/wp\/v2\/users\/1816"}],"replies":[{"embeddable":true,"href":"https:\/\/linitiative.ca\/International\/wp-json\/wp\/v2\/comments?post=145184"}],"version-history":[{"count":0,"href":"https:\/\/linitiative.ca\/International\/wp-json\/wp\/v2\/posts\/145184\/revisions"}],"wp:attachment":[{"href":"https:\/\/linitiative.ca\/International\/wp-json\/wp\/v2\/media?parent=145184"}],"wp:term":[{"taxonomy":"category","embeddable":true,"href":"https:\/\/linitiative.ca\/International\/wp-json\/wp\/v2\/categories?post=145184"},{"taxonomy":"post_tag","embeddable":true,"href":"https:\/\/linitiative.ca\/International\/wp-json\/wp\/v2\/tags?post=145184"}],"curies":[{"name":"wp","href":"https:\/\/api.w.org\/{rel}","templated":true}]}}