{"id":145187,"date":"2022-04-10T10:18:03","date_gmt":"2022-04-10T14:18:03","guid":{"rendered":"https:\/\/linitiative.ca\/International\/presidentielle-francaise-environ-13-000-electeurs-a-abidjan\/"},"modified":"2022-04-10T10:18:03","modified_gmt":"2022-04-10T14:18:03","slug":"presidentielle-francaise-environ-13-000-electeurs-a-abidjan","status":"publish","type":"post","link":"https:\/\/linitiative.ca\/International\/presidentielle-francaise-environ-13-000-electeurs-a-abidjan\/","title":{"rendered":"Pr\u00e9sidentielle fran\u00e7aise:  environ 13.000 \u00e9lecteurs \u00e0 Abidjan"},"content":{"rendered":"<div>\n<p><img decoding=\"async\" width=\"800\" height=\"533\" src=\"https:\/\/linitiative.ca\/International\/wp-content\/uploads\/sites\/23\/2022\/04\/16496002832408.jpg\" class=\"attachment-post-thumbnail size-post-thumbnail wp-post-image\" alt=\"\" loading=\"lazy\" srcset=\"https:\/\/linitiative.ca\/International\/wp-content\/uploads\/sites\/23\/2022\/04\/16496002832408.jpg 800w, https:\/\/www.journalducameroun.com\/wp-content\/uploads\/2022\/04\/16496002832408-300x200.jpg 300w, https:\/\/www.journalducameroun.com\/wp-content\/uploads\/2022\/04\/16496002832408-768x512.jpg 768w, https:\/\/www.journalducameroun.com\/wp-content\/uploads\/2022\/04\/16496002832408-660x440.jpg 660w, https:\/\/www.journalducameroun.com\/wp-content\/uploads\/2022\/04\/16496002832408-600x400.jpg 600w\" sizes=\"auto, (max-width: 800px) 100vw, 800px\"><\/p>\n<p>Douze candidats sont en lice pour le premier tour de la pr\u00e9sidentielle fran\u00e7aise de ce dimanche 10 avril 2022.En C\u00f4te d&rsquo;Ivoire, il y a une forte communaut\u00e9 d&rsquo;expatri\u00e9s fran\u00e7ais. Pour la pr\u00e9sidentielle fran\u00e7aise de ce 10 avril, quelque 13.000 \u00e9lecteurs inscrits au Consulat g\u00e9n\u00e9ral de France \u00e0 Abidjan sont appel\u00e9s aux urnes.<\/p>\n<p>D\u00e8s l&rsquo;ouverture des cinq bureaux de vote \u00e0 8 heures TU, plusieurs \u00e9lecteurs \u00e9taient pr\u00e9sents pour accomplir leur devoir citoyen, sous une haute surveillance polici\u00e8re.<\/p>\n<p>Selon Michel Charbonnier, Consul g\u00e9n\u00e9ral de France \u00e0 Abidjan, \u00ab\u00a0il y avait \u00e9norm\u00e9ment de Fran\u00e7ais qui faisaient la queue devant le Consulat pour pouvoir voter pour le premier tour de l&rsquo;\u00e9lection pr\u00e9sidentielle fran\u00e7aise\u00a0\u00bb.<\/p>\n<p>\u00ab\u00a0En C\u00f4te d&rsquo;Ivoire, nous avons entre 18.000 et 19.000 Fran\u00e7ais et environ 13.000 \u00e9lecteurs\u00a0\u00bb, a renseign\u00e9 M. Charbonnier, indiquant que les bureaux de vote devraient fermer \u00e0 19 hheures.<\/p>\n<p>En cas de second tour, le vote aura lieu dans deux semaines. Dans le monde, 48,7 millions d&rsquo;\u00e9lecteurs fran\u00e7ais sont appel\u00e9s aux urnes ce dimanche.<\/p>\n<p>Cet article <a rel=\"nofollow\" href=\"https:\/\/www.journalducameroun.com\/presidentielle-francaise-environ-13-000-electeurs-a-abidjan\/\">Pr\u00e9sidentielle fran\u00e7aise:  environ 13.000 \u00e9lecteurs \u00e0 Abidjan<\/a> est apparu en premier sur <a rel=\"nofollow\" href=\"https:\/\/www.journalducameroun.com\/\">Journal du Cameroun<\/a>.<\/p>\n<\/div>\n<p>Auteur: APA News<br \/>\n<a href=\"https:\/\/www.journalducameroun.com\/presidentielle-francaise-environ-13-000-electeurs-a-abidjan\/\">Cliquez ici pour lire l&rsquo;article depuis sa source.<\/a><\/p>\n","protected":false},"excerpt":{"rendered":"<p>Douze candidats sont en lice pour le premier tour de la pr\u00e9sidentielle fran\u00e7aise de ce dimanche 10 avril 2022.En C\u00f4te d&rsquo;Ivoire, il y a une forte communaut\u00e9 d&rsquo;expatri\u00e9s fran\u00e7ais. Pour la pr\u00e9sidentielle fran\u00e7aise de ce 10 avril, quelque 13.000 \u00e9lecteurs inscrits au Consulat g\u00e9n\u00e9ral de France \u00e0 Abidjan sont appel\u00e9s aux urnes. D\u00e8s l&rsquo;ouverture des [&hellip;]<\/p>\n","protected":false},"author":1965,"featured_media":0,"comment_status":"closed","ping_status":"closed","sticky":false,"template":"","format":"standard","meta":{"fifu_image_url":"https:\/\/www.journalducameroun.com\/wp-content\/uploads\/2022\/04\/16496002832408.jpg","fifu_image_alt":"Pr\u00e9sidentielle fran\u00e7aise:  environ 13.000 \u00e9lecteurs \u00e0 Abidjan","footnotes":""},"categories":[73,82],"tags":[],"class_list":["post-145187","post","type-post","status-publish","format-standard","hentry","category-actualite","category-cameroun"],"_links":{"self":[{"href":"https:\/\/linitiative.ca\/International\/wp-json\/wp\/v2\/posts\/145187","targetHints":{"allow":["GET"]}}],"collection":[{"href":"https:\/\/linitiative.ca\/International\/wp-json\/wp\/v2\/posts"}],"about":[{"href":"https:\/\/linitiative.ca\/International\/wp-json\/wp\/v2\/types\/post"}],"author":[{"embeddable":true,"href":"https:\/\/linitiative.ca\/International\/wp-json\/wp\/v2\/users\/1965"}],"replies":[{"embeddable":true,"href":"https:\/\/linitiative.ca\/International\/wp-json\/wp\/v2\/comments?post=145187"}],"version-history":[{"count":0,"href":"https:\/\/linitiative.ca\/International\/wp-json\/wp\/v2\/posts\/145187\/revisions"}],"wp:attachment":[{"href":"https:\/\/linitiative.ca\/International\/wp-json\/wp\/v2\/media?parent=145187"}],"wp:term":[{"taxonomy":"category","embeddable":true,"href":"https:\/\/linitiative.ca\/International\/wp-json\/wp\/v2\/categories?post=145187"},{"taxonomy":"post_tag","embeddable":true,"href":"https:\/\/linitiative.ca\/International\/wp-json\/wp\/v2\/tags?post=145187"}],"curies":[{"name":"wp","href":"https:\/\/api.w.org\/{rel}","templated":true}]}}