{"id":145190,"date":"2022-04-10T16:18:03","date_gmt":"2022-04-10T20:18:03","guid":{"rendered":"https:\/\/linitiative.ca\/International\/presidentielle-francaise-emmanuel-macron-et-marine-le-pen-au-second-tour\/"},"modified":"2022-04-10T16:18:03","modified_gmt":"2022-04-10T20:18:03","slug":"presidentielle-francaise-emmanuel-macron-et-marine-le-pen-au-second-tour","status":"publish","type":"post","link":"https:\/\/linitiative.ca\/International\/presidentielle-francaise-emmanuel-macron-et-marine-le-pen-au-second-tour\/","title":{"rendered":"Pr\u00e9sidentielle fran\u00e7aise: Emmanuel Macron et Marine Le Pen au second tour"},"content":{"rendered":"<div>\n<p><img decoding=\"async\" width=\"558\" height=\"377\" src=\"https:\/\/linitiative.ca\/International\/wp-content\/uploads\/sites\/23\/2022\/04\/16496218832241.jpg\" class=\"attachment-post-thumbnail size-post-thumbnail wp-post-image\" alt=\"\" loading=\"lazy\" srcset=\"https:\/\/linitiative.ca\/International\/wp-content\/uploads\/sites\/23\/2022\/04\/16496218832241.jpg 558w, https:\/\/www.journalducameroun.com\/wp-content\/uploads\/2022\/04\/16496218832241-300x203.jpg 300w\" sizes=\"auto, (max-width: 558px) 100vw, 558px\"><\/p>\n<p>Comme en 2017, le second tour de la pr\u00e9sidentielle fran\u00e7aise opposera Emmanuel Macron \u00e0 Marine Le Pen.Les premi\u00e8res estimations placent Emmanuel Macron, de La R\u00e9publique en Marche en t\u00eate avec (28,5%)) contre\u00a0\u00a0(24,2%) pour la candidate du Rassemblement national Marine Le Pen. Le taux d&rsquo;abstention pour ce 1er tour s&rsquo;\u00e9l\u00e8ve \u00e0 26,2%.<\/p>\n<p>Jean-Luc M\u00e9lenchon arrive troisi\u00e8me avec 21,1% et Eric Zemmour quatri\u00e8me avec 7%.<\/p>\n<p>Les r\u00e9sultats des autres candidats se pr\u00e9sentent ainsi: \u00a0Val\u00e9rie P\u00e9cresse (4,8 %), Yannick Jadot (4,7 %), Jean Lassalle (3,0 %), Fabien Roussel (2,4 %), Nicolas Dupont-Aignan (2,1 %), Anne Hidalgo (1,7 %), Philippe Poutou (0,8 %), Nathalie Arthaud (0,6 %).<\/p>\n<p>Cet article <a rel=\"nofollow\" href=\"https:\/\/www.journalducameroun.com\/presidentielle-francaise-emmanuel-macron-et-marine-le-pen-au-second-tour\/\">Pr\u00e9sidentielle fran\u00e7aise: Emmanuel Macron et Marine Le Pen au second tour<\/a> est apparu en premier sur <a rel=\"nofollow\" href=\"https:\/\/www.journalducameroun.com\/\">Journal du Cameroun<\/a>.<\/p>\n<\/div>\n<p>Auteur: APA News<br \/>\n<a href=\"https:\/\/www.journalducameroun.com\/presidentielle-francaise-emmanuel-macron-et-marine-le-pen-au-second-tour\/\">Cliquez ici pour lire l&rsquo;article depuis sa source.<\/a><\/p>\n","protected":false},"excerpt":{"rendered":"<p>Comme en 2017, le second tour de la pr\u00e9sidentielle fran\u00e7aise opposera Emmanuel Macron \u00e0 Marine Le Pen.Les premi\u00e8res estimations placent Emmanuel Macron, de La R\u00e9publique en Marche en t\u00eate avec (28,5%)) contre\u00a0\u00a0(24,2%) pour la candidate du Rassemblement national Marine Le Pen. Le taux d&rsquo;abstention pour ce 1er tour s&rsquo;\u00e9l\u00e8ve \u00e0 26,2%. Jean-Luc M\u00e9lenchon arrive troisi\u00e8me [&hellip;]<\/p>\n","protected":false},"author":1965,"featured_media":0,"comment_status":"closed","ping_status":"closed","sticky":false,"template":"","format":"standard","meta":{"fifu_image_url":"https:\/\/www.journalducameroun.com\/wp-content\/uploads\/2022\/04\/16496218832241.jpg","fifu_image_alt":"Pr\u00e9sidentielle fran\u00e7aise: Emmanuel Macron et Marine Le Pen au second tour","footnotes":""},"categories":[73,82],"tags":[],"class_list":["post-145190","post","type-post","status-publish","format-standard","hentry","category-actualite","category-cameroun"],"_links":{"self":[{"href":"https:\/\/linitiative.ca\/International\/wp-json\/wp\/v2\/posts\/145190","targetHints":{"allow":["GET"]}}],"collection":[{"href":"https:\/\/linitiative.ca\/International\/wp-json\/wp\/v2\/posts"}],"about":[{"href":"https:\/\/linitiative.ca\/International\/wp-json\/wp\/v2\/types\/post"}],"author":[{"embeddable":true,"href":"https:\/\/linitiative.ca\/International\/wp-json\/wp\/v2\/users\/1965"}],"replies":[{"embeddable":true,"href":"https:\/\/linitiative.ca\/International\/wp-json\/wp\/v2\/comments?post=145190"}],"version-history":[{"count":0,"href":"https:\/\/linitiative.ca\/International\/wp-json\/wp\/v2\/posts\/145190\/revisions"}],"wp:attachment":[{"href":"https:\/\/linitiative.ca\/International\/wp-json\/wp\/v2\/media?parent=145190"}],"wp:term":[{"taxonomy":"category","embeddable":true,"href":"https:\/\/linitiative.ca\/International\/wp-json\/wp\/v2\/categories?post=145190"},{"taxonomy":"post_tag","embeddable":true,"href":"https:\/\/linitiative.ca\/International\/wp-json\/wp\/v2\/tags?post=145190"}],"curies":[{"name":"wp","href":"https:\/\/api.w.org\/{rel}","templated":true}]}}