{"id":145192,"date":"2022-04-10T17:18:03","date_gmt":"2022-04-10T21:18:03","guid":{"rendered":"https:\/\/linitiative.ca\/International\/presidentielle-en-france-macron-et-le-pen-au-second-tour-melenchon-perd-de-justesse\/"},"modified":"2022-04-10T17:18:03","modified_gmt":"2022-04-10T21:18:03","slug":"presidentielle-en-france-macron-et-le-pen-au-second-tour-melenchon-perd-de-justesse","status":"publish","type":"post","link":"https:\/\/linitiative.ca\/International\/presidentielle-en-france-macron-et-le-pen-au-second-tour-melenchon-perd-de-justesse\/","title":{"rendered":"Pr\u00e9sidentielle en France: Macron et Le Pen au second tour, M\u00e9lenchon perd de justesse."},"content":{"rendered":"<div>\n<p><img decoding=\"async\" width=\"752\" height=\"469\" src=\"https:\/\/linitiative.ca\/International\/wp-content\/uploads\/sites\/23\/2022\/04\/16496254836744.jpg\" class=\"attachment-post-thumbnail size-post-thumbnail wp-post-image\" alt=\"\" loading=\"lazy\" srcset=\"https:\/\/linitiative.ca\/International\/wp-content\/uploads\/sites\/23\/2022\/04\/16496254836744.jpg 752w, https:\/\/www.journalducameroun.com\/wp-content\/uploads\/2022\/04\/16496254836744-300x187.jpg 300w, https:\/\/www.journalducameroun.com\/wp-content\/uploads\/2022\/04\/16496254836744-706x440.jpg 706w, https:\/\/www.journalducameroun.com\/wp-content\/uploads\/2022\/04\/16496254836744-600x374.jpg 600w\" sizes=\"auto, (max-width: 752px) 100vw, 752px\"><\/p>\n<p>Depuis leur dernier affrontement au second tour de la pr\u00e9sidentielle de 2017, Macron et Le Pen sont devenus les symboles de la nouvelle configuration de la vie politique politique fran\u00e7aise.\u00c7a aurait \u00e9t\u00e9 un v\u00e9ritable coup de tonnerre et il \u00e9tait \u00e0 deux doigts de se r\u00e9aliser. Mais le leader de la France insoumise et \u00ab candidat pr\u00e9f\u00e9r\u00e9 \u00bb d&rsquo;une grande partie des Africains, n&rsquo;ira pas en finale de l&rsquo;\u00e9lection pr\u00e9sidentielle dont le premier tour s&rsquo;est d\u00e9roul\u00e9 dimanche 10 avril.<br \/>\n\tAvec 22,% des voix, Jean-Luc M\u00e9lenchon s&rsquo;arr\u00eate net, donc, aux portes du second tour, au profit de ses deux principaux adversaires: Emmanuel Macron, qui recueille 27,6% et Marine Le Pen, qui obtient 23,%.<\/p>\n<p>Le duel final qui doit avoir lieu le 24 avril entre le pr\u00e9sident sortant et la patronne du parti d&rsquo;extr\u00eame-droite du Rassemblement national (RN) \u00e9tait largement pr\u00e9vu.<br \/>\n\tDepuis leur dernier affrontement au second tour de la pr\u00e9sidentielle de 2017, Macron et Le Pen sont devenus les symboles de la nouvelle configuration de la vie politique politique fran\u00e7aise, d\u00e9sormais organis\u00e9e en deux grands blocs: un courant r\u00e9publicain moderniste et un autre nationalistes identitaires, entre lesquels un troisi\u00e8me regroupant les h\u00e9ritiers des divers courants de gauche dont M\u00e9lenchon incarne d\u00e9sormais la figure majeure, semble vouloir s&rsquo;installer comme seule alternative cr\u00e9dible aux deux.<br \/>\n\tAvec un taux d&rsquo;abstention de 26 %, le vote de dimanche a \u00e9t\u00e9 plus boud\u00e9 par les fran\u00e7ais depuis vingt ans.<\/p>\n<p>Apr\u00e8s les appels \u00e0 leur partisans pour voter en sa faveur au second tour lanc\u00e9s, dimanche soir, par des candidats comme celle du parti de droite Les R\u00e9publicains, Val\u00e9rie P\u00e9cresse (4,8 %), celui des \u00c9cologistes, Yannick Jadot (4,7%) ou encore la socialiste Anne Hidalgo (1,7), Emmanuel Macron semble nettement favori pour \u00eatre reconduit \u00e0 l&rsquo;Elys\u00e9e dans deux semaines.<\/p>\n<p>C&rsquo;est la troisi\u00e8me fois seulement dans l&rsquo;histoire politique de la r\u00e9publique fran\u00e7aise qu&rsquo;un\u00a0candidat de issu de l&rsquo;extr\u00eame-droite se retrouve au dernier tour \u00e9lection pr\u00e9sidentielle. En 2002, Jean-Marie Le Pen, p\u00e8re de la candidate d&rsquo;extr\u00eame-droite et fondateur de l&rsquo;ex Front National (FN), \u00a0anc\u00eatre du RN, avait cr\u00e9\u00e9 la surprise en se qualifiant au second tour au d\u00e9triment du socialiste Lionel Jospin, alors premier ministre sortant. Mais il avait \u00e9t\u00e9 battu par le pr\u00e9sident sortant, Jacques Chirac par un score fleuve de plus de 82%. Lors de la derni\u00e8re pr\u00e9sidentielle en 2017, sa fille et h\u00e9riti\u00e8re politique avait fait mieux. Elle avait obtenu plus de 33% des voix au second tour contre 66% environ pour Emmanuel Macron.<\/p>\n<p>Cet article <a rel=\"nofollow\" href=\"https:\/\/www.journalducameroun.com\/presidentielle-en-france-macron-et-le-pen-au-second-tour-melenchon-perd-de-justesse\/\">Pr\u00e9sidentielle en France: Macron et Le Pen au second tour, M\u00e9lenchon perd de justesse.<\/a> est apparu en premier sur <a rel=\"nofollow\" href=\"https:\/\/www.journalducameroun.com\/\">Journal du Cameroun<\/a>.<\/p>\n<\/div>\n<p>Auteur: APA News<br \/>\n<a href=\"https:\/\/www.journalducameroun.com\/presidentielle-en-france-macron-et-le-pen-au-second-tour-melenchon-perd-de-justesse\/\">Cliquez ici pour lire l&rsquo;article depuis sa source.<\/a><\/p>\n","protected":false},"excerpt":{"rendered":"<p>Depuis leur dernier affrontement au second tour de la pr\u00e9sidentielle de 2017, Macron et Le Pen sont devenus les symboles de la nouvelle configuration de la vie politique politique fran\u00e7aise.\u00c7a aurait \u00e9t\u00e9 un v\u00e9ritable coup de tonnerre et il \u00e9tait \u00e0 deux doigts de se r\u00e9aliser. Mais le leader de la France insoumise et \u00ab [&hellip;]<\/p>\n","protected":false},"author":1965,"featured_media":0,"comment_status":"closed","ping_status":"closed","sticky":false,"template":"","format":"standard","meta":{"fifu_image_url":"https:\/\/www.journalducameroun.com\/wp-content\/uploads\/2022\/04\/16496254836744.jpg","fifu_image_alt":"Pr\u00e9sidentielle en France: Macron et Le Pen au second tour, M\u00e9lenchon perd de justesse.","footnotes":""},"categories":[73,82],"tags":[],"class_list":["post-145192","post","type-post","status-publish","format-standard","hentry","category-actualite","category-cameroun"],"_links":{"self":[{"href":"https:\/\/linitiative.ca\/International\/wp-json\/wp\/v2\/posts\/145192","targetHints":{"allow":["GET"]}}],"collection":[{"href":"https:\/\/linitiative.ca\/International\/wp-json\/wp\/v2\/posts"}],"about":[{"href":"https:\/\/linitiative.ca\/International\/wp-json\/wp\/v2\/types\/post"}],"author":[{"embeddable":true,"href":"https:\/\/linitiative.ca\/International\/wp-json\/wp\/v2\/users\/1965"}],"replies":[{"embeddable":true,"href":"https:\/\/linitiative.ca\/International\/wp-json\/wp\/v2\/comments?post=145192"}],"version-history":[{"count":0,"href":"https:\/\/linitiative.ca\/International\/wp-json\/wp\/v2\/posts\/145192\/revisions"}],"wp:attachment":[{"href":"https:\/\/linitiative.ca\/International\/wp-json\/wp\/v2\/media?parent=145192"}],"wp:term":[{"taxonomy":"category","embeddable":true,"href":"https:\/\/linitiative.ca\/International\/wp-json\/wp\/v2\/categories?post=145192"},{"taxonomy":"post_tag","embeddable":true,"href":"https:\/\/linitiative.ca\/International\/wp-json\/wp\/v2\/tags?post=145192"}],"curies":[{"name":"wp","href":"https:\/\/api.w.org\/{rel}","templated":true}]}}