{"id":145194,"date":"2022-04-10T07:20:16","date_gmt":"2022-04-10T11:20:16","guid":{"rendered":"https:\/\/linitiative.ca\/International\/lavenir-du-groupe-parlement-denomme-union-pour-le-changement-est-entre-les-mains-du-bureau-definitif-de-lassemblee-nationale\/"},"modified":"2022-04-10T07:20:16","modified_gmt":"2022-04-10T11:20:16","slug":"lavenir-du-groupe-parlement-denomme-union-pour-le-changement-est-entre-les-mains-du-bureau-definitif-de-lassemblee-nationale","status":"publish","type":"post","link":"https:\/\/linitiative.ca\/International\/lavenir-du-groupe-parlement-denomme-union-pour-le-changement-est-entre-les-mains-du-bureau-definitif-de-lassemblee-nationale\/","title":{"rendered":"L\u2019avenir du groupe parlement \u00a0d\u00e9nomm\u00e9 \u00ab\u00a0Union pour le changement\u00a0\u00bb est entre les mains du bureau\u00a0d\u00e9finitif\u00a0de l\u2019Assembl\u00e9e nationale"},"content":{"rendered":"<div>\n<p>L\u2019id\u00e9e de cr\u00e9er le groupe parlementaire d\u00e9nomm\u00e9 \u00ab\u00a0Union pour le changement\u00a0\u00bb a-t-elle \u00e9t\u00e9 \u00e9touff\u00e9e\u00a0? \u00a0Difficile d\u2019y donner une r\u00e9ponse pr\u00e9cise car le pr\u00e9sident de l\u2019Assembl\u00e9e nationale, Cavaye Yeguie Djibril, n\u2019a rien dit \u00e0 ce sujet au moment de mettre un terme \u00e0 la session parlementaire du mois de mars. Pourtant, le bureau d\u00e9finitif de la chambre\u00a0 basse du parlement mis en place le 18 mars 2022 au cours de la s\u00e9ance pl\u00e9ni\u00e8re, avait re\u00e7u ce dossier chaud des mains de la doyenne d\u2019\u00e2ge.<\/p>\n<p><strong>Lire aussi : <a href=\"https:\/\/ecomatin.net\/assemblee-nationale-lhemicycle-fait-son-plein-apres-le-courroux-de-cavaye-yeguie-djibril\/\">Assembl\u00e9e nationale\u00a0: l\u2019h\u00e9micycle fait son plein apr\u00e8s le courroux de Cavaye Yeguie Djibril<\/a><\/strong><\/p>\n<p><strong>\u00a0\u00a0<\/strong>A la cl\u00f4ture des travaux, l\u2019initiative port\u00e9e parle Sdf, Ums, Pcrn et Udc est pass\u00e9e sous silence. Pourtant, les attentes \u00e9taient longues. \u00ab\u00a0C\u2019est un dossier dont la r\u00e9ception a \u00e9t\u00e9 de mani\u00e8re solennelle exprim\u00e9e par le bureau d\u2019\u00e2ge et transmis au bureau d\u00e9finitif. Maintenant, on termine la session sans que le bureau ne se\u00a0 prononce de mani\u00e8re officielle sur le dossier. Nous savons que, lorsqu\u2019un dossier a \u00e9t\u00e9 transmis avec toute la solennit\u00e9, le sort qui lui est r\u00e9serv\u00e9 doit \u00e9galement avoir la m\u00eame solennit\u00e9\u00a0\u00bb, commente l\u2019honorable Koupit Adamou, de l\u2019Union d\u00e9mocratique du Cameroun. \u00a0<\/p>\n<p><strong>Lire aussi : <a href=\"https:\/\/ecomatin.net\/greve-des-enseignants-la-solution-du-gouvernement-presentee-aux-deputes\/\">Gr\u00e8ve des enseignants : la solution du gouvernement pr\u00e9sent\u00e9e aux d\u00e9put\u00e9s\u00a0<\/a><\/strong><\/p>\n<p>Apr\u00e8s l\u2019attente d\u00e9\u00e7ue, les espoirs de ces quatre formations politiques est d\u00e9sormais tourn\u00e9s vers la session de juin prochain\u00a0; apr\u00e8s l\u2019espoir de voir na\u00eetre leur projet. \u00ab Nous continuons \u00e0 esp\u00e9rer que le bureau d\u00e9finitif examine cela d\u2019autant plus que le r\u00e8glement int\u00e9rieur ne leur est pas impos\u00e9 une dur\u00e9e pour cela. On esp\u00e8re qu\u2019au d\u00e9but de la prochaine session, l\u2019Assembl\u00e9e nationale et l\u2019opinion publique camerounaise saura le sort qui sera r\u00e9serv\u00e9 \u00e0 ce \u00a0projet de cr\u00e9ation du deuxi\u00e8me groupe parlementaire au sein de notre Assembl\u00e9e nationale\u00a0\u00bb, a indiqu\u00e9 en guise de v\u0153u, Koupit Adamou.<\/p>\n<p>L\u2019article <a rel=\"nofollow\" href=\"https:\/\/ecomatin.net\/lavenir-du-groupe-parlement-denomme-union-n-pour-le-changement-est-entre-les-mains-du-bureau-definitif-de-lassemblee-nationale\/\">L\u2019avenir du groupe parlement \u00a0d\u00e9nomm\u00e9 \u00ab\u00a0Union pour le changement\u00a0\u00bb est entre les mains du bureau\u00a0d\u00e9finitif\u00a0de l\u2019Assembl\u00e9e nationale<\/a> est apparu en premier sur <a rel=\"nofollow\" href=\"https:\/\/ecomatin.net\/\">EcoMatin<\/a>.<\/p>\n<\/div>\n<p>Auteur: EcoMatin<br \/>\n<a href=\"https:\/\/ecomatin.net\/lavenir-du-groupe-parlement-denomme-union-n-pour-le-changement-est-entre-les-mains-du-bureau-definitif-de-lassemblee-nationale\/\">Cliquez ici pour lire l&rsquo;article depuis sa source.<\/a><\/p>\n","protected":false},"excerpt":{"rendered":"<p>L\u2019id\u00e9e de cr\u00e9er le groupe parlementaire d\u00e9nomm\u00e9 \u00ab\u00a0Union pour le changement\u00a0\u00bb a-t-elle \u00e9t\u00e9 \u00e9touff\u00e9e\u00a0? \u00a0Difficile d\u2019y donner une r\u00e9ponse pr\u00e9cise car le pr\u00e9sident de l\u2019Assembl\u00e9e nationale, Cavaye Yeguie Djibril, n\u2019a rien dit \u00e0 ce sujet au moment de mettre un terme \u00e0 la session parlementaire du mois de mars. Pourtant, le bureau d\u00e9finitif de la [&hellip;]<\/p>\n","protected":false},"author":1969,"featured_media":0,"comment_status":"closed","ping_status":"closed","sticky":false,"template":"","format":"standard","meta":{"fifu_image_url":"","fifu_image_alt":"","footnotes":""},"categories":[82,78],"tags":[],"class_list":["post-145194","post","type-post","status-publish","format-standard","hentry","category-cameroun","category-economie"],"_links":{"self":[{"href":"https:\/\/linitiative.ca\/International\/wp-json\/wp\/v2\/posts\/145194","targetHints":{"allow":["GET"]}}],"collection":[{"href":"https:\/\/linitiative.ca\/International\/wp-json\/wp\/v2\/posts"}],"about":[{"href":"https:\/\/linitiative.ca\/International\/wp-json\/wp\/v2\/types\/post"}],"author":[{"embeddable":true,"href":"https:\/\/linitiative.ca\/International\/wp-json\/wp\/v2\/users\/1969"}],"replies":[{"embeddable":true,"href":"https:\/\/linitiative.ca\/International\/wp-json\/wp\/v2\/comments?post=145194"}],"version-history":[{"count":0,"href":"https:\/\/linitiative.ca\/International\/wp-json\/wp\/v2\/posts\/145194\/revisions"}],"wp:attachment":[{"href":"https:\/\/linitiative.ca\/International\/wp-json\/wp\/v2\/media?parent=145194"}],"wp:term":[{"taxonomy":"category","embeddable":true,"href":"https:\/\/linitiative.ca\/International\/wp-json\/wp\/v2\/categories?post=145194"},{"taxonomy":"post_tag","embeddable":true,"href":"https:\/\/linitiative.ca\/International\/wp-json\/wp\/v2\/tags?post=145194"}],"curies":[{"name":"wp","href":"https:\/\/api.w.org\/{rel}","templated":true}]}}