{"id":145196,"date":"2022-04-10T12:35:00","date_gmt":"2022-04-10T16:35:00","guid":{"rendered":"https:\/\/linitiative.ca\/International\/activite-statistique-seulement-93-milliards-affectes-au-financement-des-activites-de-lobservatoire-economique-statistique-dafrique-subsaharienne\/"},"modified":"2022-04-10T12:35:00","modified_gmt":"2022-04-10T16:35:00","slug":"activite-statistique-seulement-93-milliards-affectes-au-financement-des-activites-de-lobservatoire-economique-statistique-dafrique-subsaharienne","status":"publish","type":"post","link":"https:\/\/linitiative.ca\/International\/activite-statistique-seulement-93-milliards-affectes-au-financement-des-activites-de-lobservatoire-economique-statistique-dafrique-subsaharienne\/","title":{"rendered":"Activit\u00e9 statistique\u00a0: seulement 9,3 milliards affect\u00e9s au financement des activit\u00e9s de l\u2019observatoire \u00e9conomique statistique d\u2019Afrique subsaharienne"},"content":{"rendered":"<div>\n<p>Les 8 et 9 avril s\u2019est tenu la 44<sup>e<\/sup>\u00a0r\u00e9union du comit\u00e9 de direction de l\u2019Observation \u00e9conomique et statistique subsaharienne (Afristat). La c\u00e9r\u00e9monie d\u2019ouverture de ces travaux, pr\u00e9sid\u00e9e par le ministre de l\u2019Economie, de la planification et de l\u2019am\u00e9nagement du territoire (Minepat), Alamine Ousmane Mey, s\u2019est d\u00e9roul\u00e9e \u00e0 l\u2019h\u00f4tel La Falaise de Yaound\u00e9.<\/p>\n<p>Les membres du comit\u00e9 de direction d\u2019Afristat, devaient donc se pencher sur plusieurs dossiers dont les questions strat\u00e9giques et manag\u00e9riales, le recrutement du Directeur d\u2019Afristat pour la p\u00e9riode 2024-2027\u2026 \u00ab\u00a0Il sera question de faire le point de la mise en \u0153uvre des activit\u00e9s dans le programme statistiques d\u2019Afristat. Les activit\u00e9s en question tournent autour des appuis aux Etats\u00a0\u00a0dans le cadre de l\u2019organisation des recensements, des enqu\u00eates et aussi autour des aspects de financements de notre organisation\u00a0\u00bb, a confi\u00e9 Blaise Bienvenu Ali, le pr\u00e9sident du comit\u00e9 de direction d\u2019Afristat.<\/p>\n<p><strong>Lire aussi : <a href=\"https:\/\/ecomatin.net\/le-gouvernement-recherche-des-financements-s-pour-la-mise-en-oeuvre-de-la-strategie-nationale-de-developpement-de-la-statistique\/\" target=\"_blank\" rel=\"noreferrer noopener\">Le gouvernement recherche des financements pour la mise en \u0153uvre de la Strat\u00e9gie nationale de d\u00e9veloppement de la statistique<\/a><\/strong><\/p>\n<p>La question des finances durant ces travaux n\u2019est pas anodine. \u00ab\u00a0Nous allons examiner \u00e9galement comme d\u2019habitude, la situation des contributions aux diff\u00e9rents Fonds Afristat. Cette question devrait \u00eatre trait\u00e9e avec une grande attention d\u2019autant plus que nous peinons \u00e0 respecter la r\u00e9solution prise \u00e0 Niamey en 2019 par nos autorit\u00e9s de verser au moins 40% des contributions au Fonds Afristat 2016-2025 afin de permettre \u00e0 notre organisation de disposer de moyens de travail conformes\u00a0\u00a0nos aspirations\u00a0\u00bb, a indiqu\u00e9 Blaise Bienvenu Ali, dans son discours de circonstance.<\/p>\n<p><strong>Lire aussi : <a href=\"https:\/\/ecomatin.net\/activite-statistique-lins-sapproprie-la-snds30-nouvel-outil-de-suivi-evaluation\/\" target=\"_blank\" rel=\"noreferrer noopener\">Activit\u00e9 statistique : l\u2019INS s\u2019approprie la SNDS30 nouvel outil de suivi-\u00e9valuation<\/a><\/strong><\/p>\n<p>Pour la p\u00e9riode 2016-2025, donc l\u2019observatoire \u00e9conomique et statistique d\u2019Afrique subsaharienne (Afristat), \u00e9value\u00a0\u00a0\u00e0 31 milliards de Fcfa ses besoins financiers, afin de mieux conduire sa strat\u00e9gie \u00e0 l\u2019horizon 2025. Seulement \u00ab je rappelle qu\u2019\u00e0 ce jour, le taux de mobilisation au titre du troisi\u00e8me Fonds Afristat vient \u00e0 peine d\u2019atteindre 30% au d\u00e9but de cette ann\u00e9e\u00a0\u00bb, explique Blaise Bienvenu Ali. Pour \u00eatre plus pr\u00e9cis \u00e0 date les Etats membres n\u2019ont pu mobiliser\u00a0\u00a0que 9,3 milliards de Fcfa sur l\u2019enveloppe des besoins. Notons ici qu\u2019il est pr\u00e9vu que 55% des 31 milliards de Fcfa proviennent des Etats membres (soit 17,05 milliards) et les 45% restant (13,95 milliards) des partenaires financiers. De plus la mobilisation de ces ressources financi\u00e8res s\u2019ex\u00e9cute dans un contexte marqu\u00e9 par la crise sanitaire du Covid-19, les crises s\u00e9curitaires et politiques dans certains Etats membres et tout r\u00e9cemment le conflit entre la Russie et l\u2019Ukraine.<\/p>\n<p><strong>Perspectives<\/strong><\/p>\n<p>La survenue de la pand\u00e9mie \u00e0 Covid-19, a port\u00e9 un coup sur les activit\u00e9s d\u2019Afristat. Mais d\u00e9j\u00e0 l\u2019on envisage une reprise meilleure d\u00e8s cette ann\u00e9e 2022 et pour les ann\u00e9es futures. \u00ab\u00a0Les d\u00e9fis d\u2019Afristat, consistent notamment \u00e0 transposer dans les Etats, toutes les trouvailles que nous avons eu \u00e0 avoir au cours des deux ann\u00e9es difficiles. Chose qui nous a permis d\u2019am\u00e9liorer la rationalisation de l\u2019utilisation des ressources qui sont mises \u00e0 notre disposition et utilis\u00e9 le plus possible les meilleurs technologies qui nous permettent d\u2019avoir des statistiques de qualit\u00e9 avec des co\u00fbts r\u00e9duits\u00a0\u00bb, confie Paul Henri Nguema-Meye, Directeur d\u2019Afristat.<\/p>\n<p><strong>Lire aussi : <a href=\"https:\/\/ecomatin.net\/3-projets-de-textes-dapplication-en-vue-pour-encadrer-lactivite-statistique\/\" target=\"_blank\" rel=\"noreferrer noopener\">3 projets de textes d\u2019application en vue pour encadrer l\u2019activit\u00e9 statistique<\/a><\/strong><\/p>\n<p>Pour rappel, l\u2019observatoire \u00e9conomique et statistique d\u2019Afrique subsaharienne (Afristat), est une organisation r\u00e9gionale regroupant 22 pays. Elle assiste les Etats membres dans le pilotage des activit\u00e9s statistiques en Afrique. Pour sa vision\u00a0\u00a0l\u2019horizon 2025, qui s\u2019ex\u00e9cute sur la p\u00e9riode 2016-2025 ce sont 5 orientations strat\u00e9giques et dix objectifs op\u00e9rationnels qui ont \u00e9t\u00e9 arr\u00eat\u00e9s.<\/p>\n<p>L\u2019article <a rel=\"nofollow\" href=\"https:\/\/ecomatin.net\/activite-statistique-seulement-93-milliards-affectes-au-financement-des-activites-de-lobservatoire-economique-statistique-dafrique-subsaharienne\/\">Activit\u00e9 statistique\u00a0: seulement 9,3 milliards affect\u00e9s au financement des activit\u00e9s de l\u2019observatoire \u00e9conomique statistique d\u2019Afrique subsaharienne<\/a> est apparu en premier sur <a rel=\"nofollow\" href=\"https:\/\/ecomatin.net\/\">EcoMatin<\/a>.<\/p>\n<\/div>\n<p>Auteur: Cindy MBALA<br \/>\n<a href=\"https:\/\/ecomatin.net\/activite-statistique-seulement-93-milliards-affectes-au-financement-des-activites-de-lobservatoire-economique-statistique-dafrique-subsaharienne\/\">Cliquez ici pour lire l&rsquo;article depuis sa source.<\/a><\/p>\n","protected":false},"excerpt":{"rendered":"<p>Les 8 et 9 avril s\u2019est tenu la 44e\u00a0r\u00e9union du comit\u00e9 de direction de l\u2019Observation \u00e9conomique et statistique subsaharienne (Afristat). La c\u00e9r\u00e9monie d\u2019ouverture de ces travaux, pr\u00e9sid\u00e9e par le ministre de l\u2019Economie, de la planification et de l\u2019am\u00e9nagement du territoire (Minepat), Alamine Ousmane Mey, s\u2019est d\u00e9roul\u00e9e \u00e0 l\u2019h\u00f4tel La Falaise de Yaound\u00e9. Les membres du [&hellip;]<\/p>\n","protected":false},"author":1969,"featured_media":0,"comment_status":"closed","ping_status":"closed","sticky":false,"template":"","format":"standard","meta":{"fifu_image_url":"","fifu_image_alt":"","footnotes":""},"categories":[82,78],"tags":[],"class_list":["post-145196","post","type-post","status-publish","format-standard","hentry","category-cameroun","category-economie"],"_links":{"self":[{"href":"https:\/\/linitiative.ca\/International\/wp-json\/wp\/v2\/posts\/145196","targetHints":{"allow":["GET"]}}],"collection":[{"href":"https:\/\/linitiative.ca\/International\/wp-json\/wp\/v2\/posts"}],"about":[{"href":"https:\/\/linitiative.ca\/International\/wp-json\/wp\/v2\/types\/post"}],"author":[{"embeddable":true,"href":"https:\/\/linitiative.ca\/International\/wp-json\/wp\/v2\/users\/1969"}],"replies":[{"embeddable":true,"href":"https:\/\/linitiative.ca\/International\/wp-json\/wp\/v2\/comments?post=145196"}],"version-history":[{"count":0,"href":"https:\/\/linitiative.ca\/International\/wp-json\/wp\/v2\/posts\/145196\/revisions"}],"wp:attachment":[{"href":"https:\/\/linitiative.ca\/International\/wp-json\/wp\/v2\/media?parent=145196"}],"wp:term":[{"taxonomy":"category","embeddable":true,"href":"https:\/\/linitiative.ca\/International\/wp-json\/wp\/v2\/categories?post=145196"},{"taxonomy":"post_tag","embeddable":true,"href":"https:\/\/linitiative.ca\/International\/wp-json\/wp\/v2\/tags?post=145196"}],"curies":[{"name":"wp","href":"https:\/\/api.w.org\/{rel}","templated":true}]}}