{"id":145199,"date":"2022-04-11T06:52:54","date_gmt":"2022-04-11T10:52:54","guid":{"rendered":"https:\/\/linitiative.ca\/International\/les-derniers-nes-de-la-serie-redmi-note-bientot-au-maroc\/"},"modified":"2022-04-11T06:52:54","modified_gmt":"2022-04-11T10:52:54","slug":"les-derniers-nes-de-la-serie-redmi-note-bientot-au-maroc","status":"publish","type":"post","link":"https:\/\/linitiative.ca\/International\/les-derniers-nes-de-la-serie-redmi-note-bientot-au-maroc\/","title":{"rendered":"Les  derniers-n\u00e9s de la s\u00e9rie Redmi Note bient\u00f4t au Maroc"},"content":{"rendered":"<div>\n<p><img loading=\"lazy\" decoding=\"async\" width=\"300\" height=\"153\" src=\"https:\/\/linitiative.ca\/International\/wp-content\/uploads\/sites\/23\/2022\/04\/DPR_Xiaomi_1920x1080-1-300x153-1.png\" class=\"attachment-medium size-medium wp-post-image\" alt=\"\" srcset=\"https:\/\/linitiative.ca\/International\/wp-content\/uploads\/sites\/23\/2022\/04\/DPR_Xiaomi_1920x1080-1-300x153-1.png 300w, https:\/\/aujourdhui.ma\/wp-content\/uploads\/2022\/04\/DPR_Xiaomi_1920x1080-1-274x140.png 274w, https:\/\/aujourdhui.ma\/wp-content\/uploads\/2022\/04\/DPR_Xiaomi_1920x1080-1.png 746w, https:\/\/aujourdhui.ma\/wp-content\/uploads\/2022\/04\/DPR_Xiaomi_1920x1080-1-165x84.png 165w, https:\/\/aujourdhui.ma\/wp-content\/uploads\/2022\/04\/DPR_Xiaomi_1920x1080-1-702x358.png 702w\" sizes=\"auto, (max-width: 300px) 100vw, 300px\"><\/p>\n<p><span style=\"color: #800000;\"><strong>Xiaomi Corporation vient d\u2019annoncer le lancement tr\u00e8s prochain au Maroc des tr\u00e8s attendus Redmi Note 11 Pro, Redmi Note 11 Pro 5G et Redmi Note 11 Pro+ 5G.<\/strong><\/span><span id=\"more-404808\"><\/span><\/p>\n<p>Ce lancement est une des \u00e9tapes cl\u00e9s de la strat\u00e9gie internationale de Xiaomi qui aspire \u00e0 rendre les technologies les plus innovantes accessibles et abordables au plus grand nombre. A noter \u00e9galement que l\u2019entreprise s\u2019appr\u00eate \u00e0 lancer, tr\u00e8s prochainement, de nouveaux smartphones ainsi que des produits AIoT qui permettront aux utilisateurs marocains de mieux optimiser leur mode de vie et de profiter au maximum de chaque instant.<\/p>\n<\/div>\n<p>Auteur: ALM<br \/>\n<a href=\"https:\/\/aujourdhui.ma\/high-tech\/les-derniers-nes-de-la-serie-redmi-note-bientot-au-maroc\">Cliquez ici pour lire l&rsquo;article depuis sa source.<\/a><\/p>\n","protected":false},"excerpt":{"rendered":"<p>Xiaomi Corporation vient d\u2019annoncer le lancement tr\u00e8s prochain au Maroc des tr\u00e8s attendus Redmi Note 11 Pro, Redmi Note 11 Pro 5G et Redmi Note 11 Pro+ 5G. Ce lancement est une des \u00e9tapes cl\u00e9s de la strat\u00e9gie internationale de Xiaomi qui aspire \u00e0 rendre les technologies les plus innovantes accessibles et abordables au plus [&hellip;]<\/p>\n","protected":false},"author":1759,"featured_media":0,"comment_status":"closed","ping_status":"closed","sticky":false,"template":"","format":"standard","meta":{"fifu_image_url":"https:\/\/aujourdhui.ma\/wp-content\/uploads\/2022\/04\/DPR_Xiaomi_1920x1080-1-300x153.png","fifu_image_alt":"Les  derniers-n\u00e9s de la s\u00e9rie Redmi Note bient\u00f4t au Maroc","footnotes":""},"categories":[73,54],"tags":[],"class_list":["post-145199","post","type-post","status-publish","format-standard","hentry","category-actualite","category-maroc"],"_links":{"self":[{"href":"https:\/\/linitiative.ca\/International\/wp-json\/wp\/v2\/posts\/145199","targetHints":{"allow":["GET"]}}],"collection":[{"href":"https:\/\/linitiative.ca\/International\/wp-json\/wp\/v2\/posts"}],"about":[{"href":"https:\/\/linitiative.ca\/International\/wp-json\/wp\/v2\/types\/post"}],"author":[{"embeddable":true,"href":"https:\/\/linitiative.ca\/International\/wp-json\/wp\/v2\/users\/1759"}],"replies":[{"embeddable":true,"href":"https:\/\/linitiative.ca\/International\/wp-json\/wp\/v2\/comments?post=145199"}],"version-history":[{"count":0,"href":"https:\/\/linitiative.ca\/International\/wp-json\/wp\/v2\/posts\/145199\/revisions"}],"wp:attachment":[{"href":"https:\/\/linitiative.ca\/International\/wp-json\/wp\/v2\/media?parent=145199"}],"wp:term":[{"taxonomy":"category","embeddable":true,"href":"https:\/\/linitiative.ca\/International\/wp-json\/wp\/v2\/categories?post=145199"},{"taxonomy":"post_tag","embeddable":true,"href":"https:\/\/linitiative.ca\/International\/wp-json\/wp\/v2\/tags?post=145199"}],"curies":[{"name":"wp","href":"https:\/\/api.w.org\/{rel}","templated":true}]}}