{"id":145205,"date":"2022-04-11T08:54:27","date_gmt":"2022-04-11T12:54:27","guid":{"rendered":"https:\/\/linitiative.ca\/International\/beni-mellal-khenifra-la-saison-agricole-sauvee\/"},"modified":"2022-04-11T08:54:27","modified_gmt":"2022-04-11T12:54:27","slug":"beni-mellal-khenifra-la-saison-agricole-sauvee","status":"publish","type":"post","link":"https:\/\/linitiative.ca\/International\/beni-mellal-khenifra-la-saison-agricole-sauvee\/","title":{"rendered":"B\u00e9ni Mellal-Kh\u00e9nifra\u00a0: La saison agricole sauv\u00e9e"},"content":{"rendered":"<div>\n<p><img loading=\"lazy\" decoding=\"async\" width=\"300\" height=\"153\" src=\"https:\/\/linitiative.ca\/International\/wp-content\/uploads\/sites\/23\/2022\/04\/Agriculture-300x153-1.jpg\" class=\"attachment-medium size-medium wp-post-image\" alt=\"\" srcset=\"https:\/\/linitiative.ca\/International\/wp-content\/uploads\/sites\/23\/2022\/04\/Agriculture-300x153-1.jpg 300w, https:\/\/aujourdhui.ma\/wp-content\/uploads\/2022\/02\/Agriculture-274x140.jpg 274w, https:\/\/aujourdhui.ma\/wp-content\/uploads\/2022\/02\/Agriculture.jpg 746w, https:\/\/aujourdhui.ma\/wp-content\/uploads\/2022\/02\/Agriculture-165x84.jpg 165w, https:\/\/aujourdhui.ma\/wp-content\/uploads\/2022\/02\/Agriculture-702x358.jpg 702w\" sizes=\"auto, (max-width: 300px) 100vw, 300px\"><\/p>\n<p><span style=\"font-size: 20px; color: #800000;\"><strong>Les derni\u00e8res pr\u00e9cipitations ravivent les espoirs des agriculteurs de la r\u00e9gion<\/strong> <\/span><br \/>\n<span id=\"more-404803\"><\/span><\/p>\n<p>Les derni\u00e8res pr\u00e9cipitations qui se sont abattues sur la r\u00e9gion B\u00e9ni Mellal-Kh\u00e9nifra ont sauv\u00e9, in extremis, la saison agricole en cours suscitant ainsi l\u2019optimisme des agriculteurs qui ont renou\u00e9 avec le go\u00fbt du bon labeur. C\u2019est ce que l\u2019on peut relever de la direction r\u00e9gionale de l\u2019Agriculture de B\u00e9ni Mellal-Kh\u00e9nifra. Le cumul des pr\u00e9cipitations enregistr\u00e9es au niveau de la r\u00e9gion est de 174,9 mm contre 310 mm durant la campagne \u00e9coul\u00e9e, soit un d\u00e9ficit de 44%, n\u00e9anmoins les pr\u00e9cipitations enregistr\u00e9es durant le mois de mars (86mm), soit 50% du cumul, ont redonn\u00e9 espoir aux agriculteurs.<\/p>\n<p>Ces pr\u00e9cipitations ont, selon les donn\u00e9es de l\u2019Office r\u00e9gional de mise en valeur agricole de Tadla (ORMVAT), eu un impact tr\u00e8s positif sur la croissance des cultures d\u00e9j\u00e0 install\u00e9es (plantations, grandes cultures et mara\u00eech\u00e8res) et surtout sur l\u2019am\u00e9lioration de l\u2019\u00e9tat v\u00e9g\u00e9tal des parcours et l\u2019alimentation de la nappe phr\u00e9atique. Aussi, ces pluies abondantes vont encourager les agriculteurs \u00e0 installer les principales cultures de printemps. Ainsi il est pr\u00e9vu de cultiver plus de 6.500 ha de mara\u00eech\u00e8res de printemps avec une production pr\u00e9visionnelle d\u2019environ 200.000 tonnes au niveau de la r\u00e9gion B\u00e9ni Mellal-Kh\u00e9nifra.<\/p>\n<p>La r\u00e9gion est r\u00e9put\u00e9e pour sa vocation agricole. Elle dispose d\u2019une superficie agricole utile d\u2019environ 1 million d\u2019hectares et d\u2019une superficie irrigu\u00e9e de 200.000 hectares, soit 14% de la superficie irrigu\u00e9e nationale. Le secteur agricole contribue \u00e0 hauteur de 19% au PIB r\u00e9gional gr\u00e2ce notamment \u00e0 la production de ses fili\u00e8res agricoles qui contribuent \u00e0 hauteur de 12% \u00e0 30% \u00e0 la production nationale. Les c\u00e9r\u00e9ales constituent la culture dominante. Elles occupent 591,7 mille hectares des surfaces cultiv\u00e9es, ce qui repr\u00e9sente une proportion de 68,9%. D\u2019autres cultures sont pratiqu\u00e9es dans la r\u00e9gion telles que la culture des l\u00e9gumineuses, les cultures mara\u00eech\u00e8res, les plantations fruiti\u00e8res. Les derni\u00e8res pr\u00e9cipitations auront in\u00e9vitablement un impact positif sur les principales fili\u00e8res cultiv\u00e9es dans la r\u00e9gion, lesquelles fili\u00e8res favorisent l\u2019acc\u00e8s de la r\u00e9gion \u00e0 un march\u00e9 de consommation de grande taille.<\/p>\n<\/div>\n<p>Auteur: ALM<br \/>\n<a href=\"https:\/\/aujourdhui.ma\/economie\/beni-mellal-khenifra-la-saison-agricole-sauvee\">Cliquez ici pour lire l&rsquo;article depuis sa source.<\/a><\/p>\n","protected":false},"excerpt":{"rendered":"<p>Les derni\u00e8res pr\u00e9cipitations ravivent les espoirs des agriculteurs de la r\u00e9gion Les derni\u00e8res pr\u00e9cipitations qui se sont abattues sur la r\u00e9gion B\u00e9ni Mellal-Kh\u00e9nifra ont sauv\u00e9, in extremis, la saison agricole en cours suscitant ainsi l\u2019optimisme des agriculteurs qui ont renou\u00e9 avec le go\u00fbt du bon labeur. C\u2019est ce que l\u2019on peut relever de la direction [&hellip;]<\/p>\n","protected":false},"author":1759,"featured_media":0,"comment_status":"closed","ping_status":"closed","sticky":false,"template":"","format":"standard","meta":{"fifu_image_url":"https:\/\/aujourdhui.ma\/wp-content\/uploads\/2022\/02\/Agriculture-300x153.jpg","fifu_image_alt":"B\u00e9ni Mellal-Kh\u00e9nifra\u00a0: La saison agricole sauv\u00e9e","footnotes":""},"categories":[73,54],"tags":[],"class_list":["post-145205","post","type-post","status-publish","format-standard","hentry","category-actualite","category-maroc"],"_links":{"self":[{"href":"https:\/\/linitiative.ca\/International\/wp-json\/wp\/v2\/posts\/145205","targetHints":{"allow":["GET"]}}],"collection":[{"href":"https:\/\/linitiative.ca\/International\/wp-json\/wp\/v2\/posts"}],"about":[{"href":"https:\/\/linitiative.ca\/International\/wp-json\/wp\/v2\/types\/post"}],"author":[{"embeddable":true,"href":"https:\/\/linitiative.ca\/International\/wp-json\/wp\/v2\/users\/1759"}],"replies":[{"embeddable":true,"href":"https:\/\/linitiative.ca\/International\/wp-json\/wp\/v2\/comments?post=145205"}],"version-history":[{"count":0,"href":"https:\/\/linitiative.ca\/International\/wp-json\/wp\/v2\/posts\/145205\/revisions"}],"wp:attachment":[{"href":"https:\/\/linitiative.ca\/International\/wp-json\/wp\/v2\/media?parent=145205"}],"wp:term":[{"taxonomy":"category","embeddable":true,"href":"https:\/\/linitiative.ca\/International\/wp-json\/wp\/v2\/categories?post=145205"},{"taxonomy":"post_tag","embeddable":true,"href":"https:\/\/linitiative.ca\/International\/wp-json\/wp\/v2\/tags?post=145205"}],"curies":[{"name":"wp","href":"https:\/\/api.w.org\/{rel}","templated":true}]}}