{"id":145207,"date":"2022-04-11T12:29:20","date_gmt":"2022-04-11T16:29:20","guid":{"rendered":"https:\/\/linitiative.ca\/International\/annulation-de-lenseignement-du-francais-au-primaire-le-ministere-dement\/"},"modified":"2022-04-11T12:29:20","modified_gmt":"2022-04-11T16:29:20","slug":"annulation-de-lenseignement-du-francais-au-primaire-le-ministere-dement","status":"publish","type":"post","link":"https:\/\/linitiative.ca\/International\/annulation-de-lenseignement-du-francais-au-primaire-le-ministere-dement\/","title":{"rendered":"Annulation de l\u2019enseignement du fran\u00e7ais au primaire: le Minist\u00e8re d\u00e9ment"},"content":{"rendered":"<div>\n<div style=\"margin-bottom:20px;\"><img loading=\"lazy\" decoding=\"async\" width=\"750\" height=\"430\" src=\"https:\/\/linitiative.ca\/International\/wp-content\/uploads\/sites\/23\/2022\/04\/Classe-denseignement-primaire-M750C397430-MAP.jpg\" class=\"attachment-post-thumbnail size-post-thumbnail wp-post-image\" alt=\"\" srcset=\"https:\/\/linitiative.ca\/International\/wp-content\/uploads\/sites\/23\/2022\/04\/Classe-denseignement-primaire-M750C397430-MAP.jpg 750w, https:\/\/www.mapoujda.ma\/map\/uploads\/2020\/03\/Classe-denseignement-primaire-M750\u00d7430-MAP-300x172.jpg 300w\" sizes=\"auto, (max-width: 750px) 100vw, 750px\"><\/div>\n<p style=\"text-align: justify;\">Le minist\u00e8re de l\u2019\u00c9ducation nationale, du Pr\u00e9scolaire et des Sports\u00a0a d\u00e9menti cat\u00e9goriquement, lundi, avoir publi\u00e9 un communiqu\u00e9 au sujet de l\u2019annulation\u00a0de l\u2019enseignement de la langue fran\u00e7aise au primaire\u00a0\u00e0 partir de la prochaine ann\u00e9e scolaire.<\/p>\n<p style=\"text-align: justify;\">Dans une mise au point en r\u00e9action \u00e0 un faux communiqu\u00e9\u00a0attribu\u00e9 au minist\u00e8re\u00a0et pr\u00e9tendant qu\u2019il va entamer l\u2019annulation\u00a0de l\u2019enseignement de la langue fran\u00e7aise au primaire\u00a0\u00e0 partir de la prochaine ann\u00e9e scolaire, le d\u00e9partement minist\u00e9riel d\u00e9ment cat\u00e9goriquement cette information.<\/p>\n<p style=\"text-align: justify;\">Le minist\u00e8re\u00a0rappelle que les communiqu\u00e9s officiels sont publi\u00e9s via son portail officiel et ses pages sur les r\u00e9seaux sociaux.<\/p>\n<p>L\u2019article <a rel=\"nofollow\" href=\"https:\/\/www.mapoujda.ma\/fr\/annulation-de-lenseignement-du-francais-au-primaire-le-ministere-dement\/\">Annulation de l\u2019enseignement du fran\u00e7ais au primaire: le Minist\u00e8re d\u00e9ment<\/a> est apparu en premier sur <a rel=\"nofollow\" href=\"https:\/\/www.mapoujda.ma\/fr\">MapOujda<\/a>.<\/p>\n<\/div>\n<p>Auteur: Soufiane ELAHMAR<br \/>\n<a href=\"https:\/\/www.mapoujda.ma\/fr\/annulation-de-lenseignement-du-francais-au-primaire-le-ministere-dement\/\">Cliquez ici pour lire l&rsquo;article depuis sa source.<\/a><\/p>\n","protected":false},"excerpt":{"rendered":"<p>Le minist\u00e8re de l\u2019\u00c9ducation nationale, du Pr\u00e9scolaire et des Sports\u00a0a d\u00e9menti cat\u00e9goriquement, lundi, avoir publi\u00e9 un communiqu\u00e9 au sujet de l\u2019annulation\u00a0de l\u2019enseignement de la langue fran\u00e7aise au primaire\u00a0\u00e0 partir de la prochaine ann\u00e9e scolaire. Dans une mise au point en r\u00e9action \u00e0 un faux communiqu\u00e9\u00a0attribu\u00e9 au minist\u00e8re\u00a0et pr\u00e9tendant qu\u2019il va entamer l\u2019annulation\u00a0de l\u2019enseignement de la [&hellip;]<\/p>\n","protected":false},"author":1788,"featured_media":0,"comment_status":"closed","ping_status":"closed","sticky":false,"template":"","format":"standard","meta":{"fifu_image_url":"https:\/\/www.mapoujda.ma\/map\/uploads\/2020\/03\/Classe-denseignement-primaire-M750\u00d7430-MAP.jpg","fifu_image_alt":"Annulation de l\u2019enseignement du fran\u00e7ais au primaire: le Minist\u00e8re d\u00e9ment","footnotes":""},"categories":[54,76],"tags":[],"class_list":["post-145207","post","type-post","status-publish","format-standard","hentry","category-maroc","category-regions"],"_links":{"self":[{"href":"https:\/\/linitiative.ca\/International\/wp-json\/wp\/v2\/posts\/145207","targetHints":{"allow":["GET"]}}],"collection":[{"href":"https:\/\/linitiative.ca\/International\/wp-json\/wp\/v2\/posts"}],"about":[{"href":"https:\/\/linitiative.ca\/International\/wp-json\/wp\/v2\/types\/post"}],"author":[{"embeddable":true,"href":"https:\/\/linitiative.ca\/International\/wp-json\/wp\/v2\/users\/1788"}],"replies":[{"embeddable":true,"href":"https:\/\/linitiative.ca\/International\/wp-json\/wp\/v2\/comments?post=145207"}],"version-history":[{"count":0,"href":"https:\/\/linitiative.ca\/International\/wp-json\/wp\/v2\/posts\/145207\/revisions"}],"wp:attachment":[{"href":"https:\/\/linitiative.ca\/International\/wp-json\/wp\/v2\/media?parent=145207"}],"wp:term":[{"taxonomy":"category","embeddable":true,"href":"https:\/\/linitiative.ca\/International\/wp-json\/wp\/v2\/categories?post=145207"},{"taxonomy":"post_tag","embeddable":true,"href":"https:\/\/linitiative.ca\/International\/wp-json\/wp\/v2\/tags?post=145207"}],"curies":[{"name":"wp","href":"https:\/\/api.w.org\/{rel}","templated":true}]}}