{"id":145211,"date":"2022-04-11T13:25:47","date_gmt":"2022-04-11T17:25:47","guid":{"rendered":"https:\/\/linitiative.ca\/International\/la-mutation-du-directeur-de-la-prison-locale-de-larache-2-a-celle-de-berkane-2-sinscrit-dans-le-cadre-du-mouvement-daffectation\/"},"modified":"2022-04-11T13:25:47","modified_gmt":"2022-04-11T17:25:47","slug":"la-mutation-du-directeur-de-la-prison-locale-de-larache-2-a-celle-de-berkane-2-sinscrit-dans-le-cadre-du-mouvement-daffectation","status":"publish","type":"post","link":"https:\/\/linitiative.ca\/International\/la-mutation-du-directeur-de-la-prison-locale-de-larache-2-a-celle-de-berkane-2-sinscrit-dans-le-cadre-du-mouvement-daffectation\/","title":{"rendered":"La mutation du directeur de la prison locale de Larache 2 \u00e0 celle de Berkane 2 s\u2019inscrit dans le cadre du mouvement d\u2019affectation"},"content":{"rendered":"<div>\n<div style=\"margin-bottom:20px;\"><img loading=\"lazy\" decoding=\"async\" width=\"750\" height=\"430\" src=\"https:\/\/linitiative.ca\/International\/wp-content\/uploads\/sites\/23\/2022\/04\/SiC3A8ge-de-la-DGAPR-M750C397430-MAP.jpg\" class=\"attachment-post-thumbnail size-post-thumbnail wp-post-image\" alt=\"\" srcset=\"https:\/\/linitiative.ca\/International\/wp-content\/uploads\/sites\/23\/2022\/04\/SiC3A8ge-de-la-DGAPR-M750C397430-MAP.jpg 750w, https:\/\/www.mapoujda.ma\/map\/uploads\/2020\/10\/Si\u00e8ge-de-la-DGAPR-M750\u00d7430-MAP-300x172.jpg 300w\" sizes=\"auto, (max-width: 750px) 100vw, 750px\"><\/div>\n<div>\n<p style=\"text-align: justify;\">La mutation du directeur de la prison locale de Larache 2 \u00e0 celle de Berkane 2 s\u2019inscrit dans le cadre du mouvement d\u2019affectation op\u00e9r\u00e9 par la D\u00e9l\u00e9gation g\u00e9n\u00e9rale \u00e0 l\u2019Administration p\u00e9nitentiaire et \u00e0 la r\u00e9insertion (DGAPR).<\/p>\n<p style=\"text-align: justify;\">Ce mouvement vise \u00e0 insuffler une nouvelle dynamique concernant les postes de responsabilit\u00e9 pour assurer un meilleur encadrement des \u00e9tablissements p\u00e9nitentiaires, a indiqu\u00e9 la DGAPR dans une mise au point, soulignant que cette mutation ne rev\u00eat aucun caract\u00e8re disciplinaire.<\/p>\n<p style=\"text-align: justify;\">Dans cette mise au point, la DGAPR a r\u00e9agi aux articles publi\u00e9s par certains sites \u00e9lectroniques all\u00e9guant que la d\u00e9l\u00e9gation a proc\u00e9d\u00e9 \u00e0 la mutation du directeur de la prison locale de Larache 2 \u00e0 celle de Berkane 2 apr\u00e8s que ce responsable a priv\u00e9 d\u2019eau les pensionnaires de la prison de Larache \u00e0 titre vindicatif.<\/p>\n<p style=\"text-align: justify;\">Elle a aussi fait savoir qu\u2019elle n\u2019a jamais re\u00e7u de plainte \u00e0 ce sujet, que ce soit de la part des pensionnaires ou de leurs familles, estimant que \u00ab\u00a0si ces all\u00e9gations \u00e9taient fond\u00e9es, la D\u00e9l\u00e9gation aurait ouvert une enqu\u00eate, et pris, le cas \u00e9ch\u00e9ant, les mesures disciplinaires n\u00e9cessaires \u00e0 l\u2019encontre de la personne concern\u00e9e au lieu de lui confier la direction de la prison locale de Berkane 2, qui fait partie des \u00e9tablissements modernes ouverts r\u00e9cemment\u00a0\u00bb.<\/p>\n<\/div>\n<p>L\u2019article <a rel=\"nofollow\" href=\"https:\/\/www.mapoujda.ma\/fr\/la-mutation-du-directeur-de-la-prison-locale-de-larache-2-a-celle-de-berkane-2-sinscrit-dans-le-cadre-du-mouvement-daffectation\/\">La mutation du directeur de la prison locale de Larache 2 \u00e0 celle de Berkane 2 s\u2019inscrit dans le cadre du mouvement d\u2019affectation<\/a> est apparu en premier sur <a rel=\"nofollow\" href=\"https:\/\/www.mapoujda.ma\/fr\">MapOujda<\/a>.<\/p>\n<\/div>\n<p>Auteur: Soufiane ELAHMAR<br \/>\n<a href=\"https:\/\/www.mapoujda.ma\/fr\/la-mutation-du-directeur-de-la-prison-locale-de-larache-2-a-celle-de-berkane-2-sinscrit-dans-le-cadre-du-mouvement-daffectation\/\">Cliquez ici pour lire l&rsquo;article depuis sa source.<\/a><\/p>\n","protected":false},"excerpt":{"rendered":"<p>La mutation du directeur de la prison locale de Larache 2 \u00e0 celle de Berkane 2 s\u2019inscrit dans le cadre du mouvement d\u2019affectation op\u00e9r\u00e9 par la D\u00e9l\u00e9gation g\u00e9n\u00e9rale \u00e0 l\u2019Administration p\u00e9nitentiaire et \u00e0 la r\u00e9insertion (DGAPR). Ce mouvement vise \u00e0 insuffler une nouvelle dynamique concernant les postes de responsabilit\u00e9 pour assurer un meilleur encadrement des [&hellip;]<\/p>\n","protected":false},"author":1788,"featured_media":0,"comment_status":"closed","ping_status":"closed","sticky":false,"template":"","format":"standard","meta":{"fifu_image_url":"https:\/\/www.mapoujda.ma\/map\/uploads\/2020\/10\/Si\u00e8ge-de-la-DGAPR-M750\u00d7430-MAP.jpg","fifu_image_alt":"La mutation du directeur de la prison locale de Larache 2 \u00e0 celle de Berkane 2 s\u2019inscrit dans le cadre du mouvement d\u2019affectation","footnotes":""},"categories":[54,76],"tags":[],"class_list":["post-145211","post","type-post","status-publish","format-standard","hentry","category-maroc","category-regions"],"_links":{"self":[{"href":"https:\/\/linitiative.ca\/International\/wp-json\/wp\/v2\/posts\/145211","targetHints":{"allow":["GET"]}}],"collection":[{"href":"https:\/\/linitiative.ca\/International\/wp-json\/wp\/v2\/posts"}],"about":[{"href":"https:\/\/linitiative.ca\/International\/wp-json\/wp\/v2\/types\/post"}],"author":[{"embeddable":true,"href":"https:\/\/linitiative.ca\/International\/wp-json\/wp\/v2\/users\/1788"}],"replies":[{"embeddable":true,"href":"https:\/\/linitiative.ca\/International\/wp-json\/wp\/v2\/comments?post=145211"}],"version-history":[{"count":0,"href":"https:\/\/linitiative.ca\/International\/wp-json\/wp\/v2\/posts\/145211\/revisions"}],"wp:attachment":[{"href":"https:\/\/linitiative.ca\/International\/wp-json\/wp\/v2\/media?parent=145211"}],"wp:term":[{"taxonomy":"category","embeddable":true,"href":"https:\/\/linitiative.ca\/International\/wp-json\/wp\/v2\/categories?post=145211"},{"taxonomy":"post_tag","embeddable":true,"href":"https:\/\/linitiative.ca\/International\/wp-json\/wp\/v2\/tags?post=145211"}],"curies":[{"name":"wp","href":"https:\/\/api.w.org\/{rel}","templated":true}]}}