{"id":145218,"date":"2022-04-11T11:13:10","date_gmt":"2022-04-11T15:13:10","guid":{"rendered":"https:\/\/linitiative.ca\/International\/aerien-saudia-ajoute-marrakech-a-ses-lignes-estivales\/"},"modified":"2022-04-11T11:13:10","modified_gmt":"2022-04-11T15:13:10","slug":"aerien-saudia-ajoute-marrakech-a-ses-lignes-estivales","status":"publish","type":"post","link":"https:\/\/linitiative.ca\/International\/aerien-saudia-ajoute-marrakech-a-ses-lignes-estivales\/","title":{"rendered":"A\u00e9rien: Saudia ajoute Marrakech \u00e0 ses lignes estivales"},"content":{"rendered":"<div>\n<div class=\"field field-name-body field-type-text-with-summary field-label-hidden\">\n<div class=\"field-items\">\n<div class=\"field-item even\" property=\"content:encoded\">\n<p class=\"rtejustify\">La compagnie nationale a\u00e9rienne saoudienne \u00ab\u00a0Saudia\u00a0\u00bb a ajout\u00e9 Marrakech parmi les destinations qui seront desservies l&rsquo;\u00e9t\u00e9 prochain. La compagnie a annonc\u00e9 que la destination marocaine sera\u00a0ajout\u00e9e \u00e0 ses dix nouvelles villes desservies, qui ont \u00e9t\u00e9 annonc\u00e9es en d\u00e9but f\u00e9vrier dernier. Les vols vers Marrakech d\u00e9buteront le 30 mai prochain depuis la ville de Djeddah, suivis de Malaga et Barcelone en Espagne fin juin prochain, pr\u00e9cise la compagnie.<\/p>\n<\/div>\n<\/div>\n<\/div>\n<\/div>\n<p>Auteur: hgueye<br \/>\n<a href=\"https:\/\/www.leconomiste.com\/flash-infos\/aerien-saudia-ajoute-marrakech-ses-lignes-estivales\">Cliquez ici pour lire l&rsquo;article depuis sa source.<\/a><\/p>\n","protected":false},"excerpt":{"rendered":"<p>La compagnie nationale a\u00e9rienne saoudienne \u00ab\u00a0Saudia\u00a0\u00bb a ajout\u00e9 Marrakech parmi les destinations qui seront desservies l&rsquo;\u00e9t\u00e9 prochain. La compagnie a annonc\u00e9 que la destination marocaine sera\u00a0ajout\u00e9e \u00e0 ses dix nouvelles villes desservies, qui ont \u00e9t\u00e9 annonc\u00e9es en d\u00e9but f\u00e9vrier dernier. Les vols vers Marrakech d\u00e9buteront le 30 mai prochain depuis la ville de Djeddah, suivis [&hellip;]<\/p>\n","protected":false},"author":1763,"featured_media":0,"comment_status":"closed","ping_status":"closed","sticky":false,"template":"","format":"standard","meta":{"fifu_image_url":"","fifu_image_alt":"","footnotes":""},"categories":[78,54],"tags":[],"class_list":["post-145218","post","type-post","status-publish","format-standard","hentry","category-economie","category-maroc"],"_links":{"self":[{"href":"https:\/\/linitiative.ca\/International\/wp-json\/wp\/v2\/posts\/145218","targetHints":{"allow":["GET"]}}],"collection":[{"href":"https:\/\/linitiative.ca\/International\/wp-json\/wp\/v2\/posts"}],"about":[{"href":"https:\/\/linitiative.ca\/International\/wp-json\/wp\/v2\/types\/post"}],"author":[{"embeddable":true,"href":"https:\/\/linitiative.ca\/International\/wp-json\/wp\/v2\/users\/1763"}],"replies":[{"embeddable":true,"href":"https:\/\/linitiative.ca\/International\/wp-json\/wp\/v2\/comments?post=145218"}],"version-history":[{"count":0,"href":"https:\/\/linitiative.ca\/International\/wp-json\/wp\/v2\/posts\/145218\/revisions"}],"wp:attachment":[{"href":"https:\/\/linitiative.ca\/International\/wp-json\/wp\/v2\/media?parent=145218"}],"wp:term":[{"taxonomy":"category","embeddable":true,"href":"https:\/\/linitiative.ca\/International\/wp-json\/wp\/v2\/categories?post=145218"},{"taxonomy":"post_tag","embeddable":true,"href":"https:\/\/linitiative.ca\/International\/wp-json\/wp\/v2\/tags?post=145218"}],"curies":[{"name":"wp","href":"https:\/\/api.w.org\/{rel}","templated":true}]}}