{"id":145230,"date":"2022-04-11T12:00:00","date_gmt":"2022-04-11T16:00:00","guid":{"rendered":"https:\/\/linitiative.ca\/International\/le-parcours-de-khelil-chaibi-president-de-la-chambre-tuniso-francaise-de-commerce-et-dindustrie-ctfci\/"},"modified":"2022-04-11T12:00:00","modified_gmt":"2022-04-11T16:00:00","slug":"le-parcours-de-khelil-chaibi-president-de-la-chambre-tuniso-francaise-de-commerce-et-dindustrie-ctfci","status":"publish","type":"post","link":"https:\/\/linitiative.ca\/International\/le-parcours-de-khelil-chaibi-president-de-la-chambre-tuniso-francaise-de-commerce-et-dindustrie-ctfci\/","title":{"rendered":"Le parcours de Kh\u00e9lil Cha\u00efbi, pr\u00e9sident de la Chambre tuniso-fran\u00e7aise de commerce et d\u2019industrie (Ctfci)"},"content":{"rendered":"<div><img decoding=\"async\" src=\"https:\/\/linitiative.ca\/International\/wp-content\/uploads\/sites\/23\/2022\/04\/1649677124_article.jpg\" alt=\"Le parcours de Kh\u00e9lil Cha\u00efbi, pr\u00e9sident de la Chambre tuniso-fran\u00e7aise de commerce et d\u2019industrie (Ctfci)\" align=\"left\">\u2022 58 ans<br \/>\n\u2022 Etudes secondaires au lyc\u00e9e Khaznadar, premi\u00e8re et terminale au lyc\u00e9e Louis-le-Grand \u00e0 Paris<br \/>\n\u2022 Dipl\u00f4me d\u2019ing\u00e9nieur, sp\u00e9cialiste en m\u00e9canique de l\u2019Ecole polytechnique f\u00e9d\u00e9rale de Lausanne (Epfl), 1982 &#8211; 1988<br \/>\n\u2022 Mast\u00e8re, sp\u00e9cialit\u00e9 finances et marketing, de l\u2019Universit\u00e9 de Californie \u00e0 Los Angeles (Ucla), 1990 -1992<br \/>\n\u2022 Rejoint le groupe Utic en 1992, d\u2019abord en qualit\u00e9 de directeur du d\u00e9veloppement, puis de directeur g\u00e9n\u00e9ral de filiale, \u00e0 partir de 1997 et de PDG.<br \/>\n\u2022 Longtemps vice-pr\u00e9sident du Club Africain et membre du bureau de la F\u00e9d\u00e9ration tunisienne de football (FTF)<br \/>\n\u2022 Membre de chambres de commerce mixtes, d\u2019associations et &#8230;<\/p>\n<\/div>\n<p>Auteur:<br \/>\n<a href=\"https:\/\/www.leaders.com.tn\/article\/33221-le-parcours-de-khelil-chaibi-president-de-la-chambre-tuniso-francaise-de-commerce-et-d-industrie-ctfci\">Cliquez ici pour lire l&rsquo;article depuis sa source.<\/a><\/p>\n","protected":false},"excerpt":{"rendered":"<p>\u2022 58 ans \u2022 Etudes secondaires au lyc\u00e9e Khaznadar, premi\u00e8re et terminale au lyc\u00e9e Louis-le-Grand \u00e0 Paris \u2022 Dipl\u00f4me d\u2019ing\u00e9nieur, sp\u00e9cialiste en m\u00e9canique de l\u2019Ecole polytechnique f\u00e9d\u00e9rale de Lausanne (Epfl), 1982 &#8211; 1988 \u2022 Mast\u00e8re, sp\u00e9cialit\u00e9 finances et marketing, de l\u2019Universit\u00e9 de Californie \u00e0 Los Angeles (Ucla), 1990 -1992 \u2022 Rejoint le groupe Utic en [&hellip;]<\/p>\n","protected":false},"author":1772,"featured_media":0,"comment_status":"closed","ping_status":"closed","sticky":false,"template":"","format":"standard","meta":{"fifu_image_url":"http:\/\/www.leaders.com.tn\/uploads\/content\/thumbnails_small\/1649677124_article.jpg","fifu_image_alt":"Le parcours de Kh\u00e9lil Cha\u00efbi, pr\u00e9sident de la Chambre tuniso-fran\u00e7aise de commerce et d\u2019industrie (Ctfci)","footnotes":""},"categories":[73,55],"tags":[],"class_list":["post-145230","post","type-post","status-publish","format-standard","hentry","category-actualite","category-tunisie"],"_links":{"self":[{"href":"https:\/\/linitiative.ca\/International\/wp-json\/wp\/v2\/posts\/145230","targetHints":{"allow":["GET"]}}],"collection":[{"href":"https:\/\/linitiative.ca\/International\/wp-json\/wp\/v2\/posts"}],"about":[{"href":"https:\/\/linitiative.ca\/International\/wp-json\/wp\/v2\/types\/post"}],"author":[{"embeddable":true,"href":"https:\/\/linitiative.ca\/International\/wp-json\/wp\/v2\/users\/1772"}],"replies":[{"embeddable":true,"href":"https:\/\/linitiative.ca\/International\/wp-json\/wp\/v2\/comments?post=145230"}],"version-history":[{"count":0,"href":"https:\/\/linitiative.ca\/International\/wp-json\/wp\/v2\/posts\/145230\/revisions"}],"wp:attachment":[{"href":"https:\/\/linitiative.ca\/International\/wp-json\/wp\/v2\/media?parent=145230"}],"wp:term":[{"taxonomy":"category","embeddable":true,"href":"https:\/\/linitiative.ca\/International\/wp-json\/wp\/v2\/categories?post=145230"},{"taxonomy":"post_tag","embeddable":true,"href":"https:\/\/linitiative.ca\/International\/wp-json\/wp\/v2\/tags?post=145230"}],"curies":[{"name":"wp","href":"https:\/\/api.w.org\/{rel}","templated":true}]}}