{"id":145232,"date":"2022-04-11T12:30:00","date_gmt":"2022-04-11T16:30:00","guid":{"rendered":"https:\/\/linitiative.ca\/International\/khelil-chaibi-president-de-la-chambre-tuniso-francaise-de-commerce-et-dindustrie-ctfci-soutenir-nos-entreprises-pour-saisir-les-nouvelles-opportunites-qui-soffrent\/"},"modified":"2022-04-11T12:30:00","modified_gmt":"2022-04-11T16:30:00","slug":"khelil-chaibi-president-de-la-chambre-tuniso-francaise-de-commerce-et-dindustrie-ctfci-soutenir-nos-entreprises-pour-saisir-les-nouvelles-opportunites-qui-soffrent","status":"publish","type":"post","link":"https:\/\/linitiative.ca\/International\/khelil-chaibi-president-de-la-chambre-tuniso-francaise-de-commerce-et-dindustrie-ctfci-soutenir-nos-entreprises-pour-saisir-les-nouvelles-opportunites-qui-soffrent\/","title":{"rendered":"Kh\u00e9lil Cha\u00efbi, Pr\u00e9sident de la Chambre tuniso-fran\u00e7aise de commerce et d\u2019industrie (Ctfci): Soutenir nos entreprises pour saisir les nouvelles opportunit\u00e9s qui s\u2019offrent"},"content":{"rendered":"<div><img decoding=\"async\" src=\"https:\/\/linitiative.ca\/International\/wp-content\/uploads\/sites\/23\/2022\/04\/1649674166_article.jpg\" alt=\"Kh\u00e9lil Cha\u00efbi, Pr\u00e9sident de la Chambre tuniso-fran\u00e7aise de commerce et d\u2019industrie (Ctfci): Soutenir nos entreprises pour saisir les nouvelles opportunit\u00e9s qui s\u2019offrent\" align=\"left\">\u00abJ\u2019ai la chance de pouvoir compter sur une excellente \u00e9quipe, tant d\u2019\u00e9lus que d\u2019ex\u00e9cutifs, et du soutien des adh\u00e9rents, ce qui nous facilitera la t\u00e2che pour accomplir de nouvelles performances\u00bb. Kh\u00e9lil Cha\u00efbi, 58 ans, tout juste \u00e9lu pr\u00e9sident de la Chambre tuniso-fran\u00e7aise de commerce et d\u2019industrie (Ctfci), porte avec ses co\u00e9quipiers un projet ambitieux. Cet ing\u00e9nieur de formation (Epfl Lausanne), titulaire d\u2019un MBA (Ucla, Los Angeles), aligne au compteur 30 ans d\u2019exp\u00e9rience professionnelle, en premi\u00e8re ligne, au c\u0153ur de l\u2019entreprise en Tunisie, dans divers secteurs.<br \/>\nPourquoi a-t-il postul\u00e9 \u00e0 la pr\u00e9sidence de la Ctfci? \u00abLa Chambre, r\u00e9pond-il, a \u00e9t\u00e9 &#8230;<\/p>\n<\/div>\n<p>Auteur:<br \/>\n<a href=\"https:\/\/www.leaders.com.tn\/article\/33220-khelil-chaibi-president-de-la-chambre-tuniso-francaise-de-commerce-et-d-industrie-ctfci-soutenir-nos-entreprises-pour-saisir-les-nouvelles-opportunites-qui-s-offrent\">Cliquez ici pour lire l&rsquo;article depuis sa source.<\/a><\/p>\n","protected":false},"excerpt":{"rendered":"<p>\u00abJ\u2019ai la chance de pouvoir compter sur une excellente \u00e9quipe, tant d\u2019\u00e9lus que d\u2019ex\u00e9cutifs, et du soutien des adh\u00e9rents, ce qui nous facilitera la t\u00e2che pour accomplir de nouvelles performances\u00bb. Kh\u00e9lil Cha\u00efbi, 58 ans, tout juste \u00e9lu pr\u00e9sident de la Chambre tuniso-fran\u00e7aise de commerce et d\u2019industrie (Ctfci), porte avec ses co\u00e9quipiers un projet ambitieux. Cet [&hellip;]<\/p>\n","protected":false},"author":1772,"featured_media":0,"comment_status":"closed","ping_status":"closed","sticky":false,"template":"","format":"standard","meta":{"fifu_image_url":"http:\/\/www.leaders.com.tn\/uploads\/content\/thumbnails_small\/1649674166_article.jpg","fifu_image_alt":"Kh\u00e9lil Cha\u00efbi, Pr\u00e9sident de la Chambre tuniso-fran\u00e7aise de commerce et d\u2019industrie (Ctfci): Soutenir nos entreprises pour saisir les nouvelles opportunit\u00e9s qui s\u2019offrent","footnotes":""},"categories":[73,55],"tags":[],"class_list":["post-145232","post","type-post","status-publish","format-standard","hentry","category-actualite","category-tunisie"],"_links":{"self":[{"href":"https:\/\/linitiative.ca\/International\/wp-json\/wp\/v2\/posts\/145232","targetHints":{"allow":["GET"]}}],"collection":[{"href":"https:\/\/linitiative.ca\/International\/wp-json\/wp\/v2\/posts"}],"about":[{"href":"https:\/\/linitiative.ca\/International\/wp-json\/wp\/v2\/types\/post"}],"author":[{"embeddable":true,"href":"https:\/\/linitiative.ca\/International\/wp-json\/wp\/v2\/users\/1772"}],"replies":[{"embeddable":true,"href":"https:\/\/linitiative.ca\/International\/wp-json\/wp\/v2\/comments?post=145232"}],"version-history":[{"count":0,"href":"https:\/\/linitiative.ca\/International\/wp-json\/wp\/v2\/posts\/145232\/revisions"}],"wp:attachment":[{"href":"https:\/\/linitiative.ca\/International\/wp-json\/wp\/v2\/media?parent=145232"}],"wp:term":[{"taxonomy":"category","embeddable":true,"href":"https:\/\/linitiative.ca\/International\/wp-json\/wp\/v2\/categories?post=145232"},{"taxonomy":"post_tag","embeddable":true,"href":"https:\/\/linitiative.ca\/International\/wp-json\/wp\/v2\/tags?post=145232"}],"curies":[{"name":"wp","href":"https:\/\/api.w.org\/{rel}","templated":true}]}}