{"id":145238,"date":"2022-04-11T10:21:20","date_gmt":"2022-04-11T14:21:20","guid":{"rendered":"https:\/\/linitiative.ca\/International\/export-comment-les-exportateurs-marocains-comptent-conquerir-le-marche-americain\/"},"modified":"2022-04-11T10:21:20","modified_gmt":"2022-04-11T14:21:20","slug":"export-comment-les-exportateurs-marocains-comptent-conquerir-le-marche-americain","status":"publish","type":"post","link":"https:\/\/linitiative.ca\/International\/export-comment-les-exportateurs-marocains-comptent-conquerir-le-marche-americain\/","title":{"rendered":"Export. Comment les exportateurs marocains comptent conqu\u00e9rir le march\u00e9 am\u00e9ricain"},"content":{"rendered":"<div><img decoding=\"async\" width=\"660\" height=\"330\" src=\"https:\/\/linitiative.ca\/International\/wp-content\/uploads\/sites\/23\/2022\/04\/exportations_maroc_flash.jpeg\" class=\"attachment-post-thumbnail size-post-thumbnail wp-post-image\" alt=\"\" loading=\"lazy\" srcset=\"https:\/\/linitiative.ca\/International\/wp-content\/uploads\/sites\/23\/2022\/04\/exportations_maroc_flash.jpeg 660w, https:\/\/www.challenge.ma\/wp-content\/uploads\/2022\/01\/exportations_maroc_flash-300x150.jpeg 300w, https:\/\/www.challenge.ma\/wp-content\/uploads\/2022\/01\/exportations_maroc_flash-360x180.jpeg 360w\" sizes=\"auto, (max-width: 660px) 100vw, 660px\" itemprop=\"image\">Le march\u00e9 regorge d\u2019immenses opportunit\u00e9s pour les entreprises marocaines. Mais encore faut-il savoir s\u2019y prendre pour les d\u00e9nicher. Afin de mieux pr\u00e9parer les exportateurs marocains et les outiller pour \u00eatre en mesure de saisir les opportunit\u00e9s d\u2019affaires sur ce march\u00e9, l\u2019Asmex (l\u2019Association marocaine des exportateurs) a entrepris plusieurs actions. L\u2019Asmex<\/div>\n<p>Auteur: Roland Amoussou<br \/>\n<a href=\"https:\/\/www.challenge.ma\/export-comment-les-exportateurs-marocains-comptent-conquerir-le-marche-americain-236566\/\">Cliquez ici pour lire l&rsquo;article depuis sa source.<\/a><\/p>\n","protected":false},"excerpt":{"rendered":"<p>Le march\u00e9 regorge d\u2019immenses opportunit\u00e9s pour les entreprises marocaines. Mais encore faut-il savoir s\u2019y prendre pour les d\u00e9nicher. Afin de mieux pr\u00e9parer les exportateurs marocains et les outiller pour \u00eatre en mesure de saisir les opportunit\u00e9s d\u2019affaires sur ce march\u00e9, l\u2019Asmex (l\u2019Association marocaine des exportateurs) a entrepris plusieurs actions. L\u2019Asmex Auteur: Roland Amoussou Cliquez ici [&hellip;]<\/p>\n","protected":false},"author":1787,"featured_media":0,"comment_status":"closed","ping_status":"closed","sticky":false,"template":"","format":"standard","meta":{"fifu_image_url":"https:\/\/www.challenge.ma\/wp-content\/uploads\/2022\/01\/exportations_maroc_flash.jpeg","fifu_image_alt":"Export. Comment les exportateurs marocains comptent conqu\u00e9rir le march\u00e9 am\u00e9ricain","footnotes":""},"categories":[78,54],"tags":[],"class_list":["post-145238","post","type-post","status-publish","format-standard","hentry","category-economie","category-maroc"],"_links":{"self":[{"href":"https:\/\/linitiative.ca\/International\/wp-json\/wp\/v2\/posts\/145238","targetHints":{"allow":["GET"]}}],"collection":[{"href":"https:\/\/linitiative.ca\/International\/wp-json\/wp\/v2\/posts"}],"about":[{"href":"https:\/\/linitiative.ca\/International\/wp-json\/wp\/v2\/types\/post"}],"author":[{"embeddable":true,"href":"https:\/\/linitiative.ca\/International\/wp-json\/wp\/v2\/users\/1787"}],"replies":[{"embeddable":true,"href":"https:\/\/linitiative.ca\/International\/wp-json\/wp\/v2\/comments?post=145238"}],"version-history":[{"count":0,"href":"https:\/\/linitiative.ca\/International\/wp-json\/wp\/v2\/posts\/145238\/revisions"}],"wp:attachment":[{"href":"https:\/\/linitiative.ca\/International\/wp-json\/wp\/v2\/media?parent=145238"}],"wp:term":[{"taxonomy":"category","embeddable":true,"href":"https:\/\/linitiative.ca\/International\/wp-json\/wp\/v2\/categories?post=145238"},{"taxonomy":"post_tag","embeddable":true,"href":"https:\/\/linitiative.ca\/International\/wp-json\/wp\/v2\/tags?post=145238"}],"curies":[{"name":"wp","href":"https:\/\/api.w.org\/{rel}","templated":true}]}}