{"id":145247,"date":"2022-04-11T17:19:21","date_gmt":"2022-04-11T21:19:21","guid":{"rendered":"https:\/\/linitiative.ca\/International\/tunisie-ministre-de-leducation-une-entreprise-turque-a-soumis-la-meilleure-offre-financiere-pour-imprimer-les-manuels-scolaires\/"},"modified":"2022-04-11T17:19:21","modified_gmt":"2022-04-11T21:19:21","slug":"tunisie-ministre-de-leducation-une-entreprise-turque-a-soumis-la-meilleure-offre-financiere-pour-imprimer-les-manuels-scolaires","status":"publish","type":"post","link":"https:\/\/linitiative.ca\/International\/tunisie-ministre-de-leducation-une-entreprise-turque-a-soumis-la-meilleure-offre-financiere-pour-imprimer-les-manuels-scolaires\/","title":{"rendered":"Tunisie-Ministre de l\u2019\u00e9ducation : \u00ab Une entreprise turque a soumis la meilleure offre financi\u00e8re pour imprimer les manuels scolaires \u00bb"},"content":{"rendered":"<div>\n<p>Le ministre de l\u2019\u00c9ducation, Fethi Sellaouti a confirm\u00e9 qu\u2019une entreprise turque a remport\u00e9 un appel d\u2019offres international pour imprimer les manuels scolaires, pr\u00e9cisant qu\u2019elle a soumis la meilleure offre financi\u00e8re estim\u00e9e \u00e0 42,5 millions de dinars. M. Sellaouti a \u00e9galement expliqu\u00e9 que le minist\u00e8re de l\u2019\u00c9ducation a ouvert un appel d\u2019offres au niveau national, mais [\u2026]<\/p>\n<p>L\u2019article <a href=\"https:\/\/www.tunisienumerique.com\/le-ministre-de-leducation-fethi-sellaouti-a-confirme-quune-entreprise-turque-a-remporte-un-appel-doffres-international-pour-imprimer-les-manuels-scolaires-precisant-quelle-a-soumis-la\/\">Tunisie-Ministre de l\u2019\u00e9ducation : \u00ab Une entreprise turque a soumis la meilleure offre financi\u00e8re pour imprimer les manuels scolaires \u00bb<\/a> est apparu en premier sur <a href=\"https:\/\/www.tunisienumerique.com\/\">Tunisie<\/a>.<\/p>\n<\/div>\n<p>Auteur: rania ben slimane<br \/>\n<a href=\"https:\/\/www.tunisienumerique.com\/le-ministre-de-leducation-fethi-sellaouti-a-confirme-quune-entreprise-turque-a-remporte-un-appel-doffres-international-pour-imprimer-les-manuels-scolaires-precisant-quelle-a-soumis-la\/\">Cliquez ici pour lire l&rsquo;article depuis sa source.<\/a><\/p>\n","protected":false},"excerpt":{"rendered":"<p>Le ministre de l\u2019\u00c9ducation, Fethi Sellaouti a confirm\u00e9 qu\u2019une entreprise turque a remport\u00e9 un appel d\u2019offres international pour imprimer les manuels scolaires, pr\u00e9cisant qu\u2019elle a soumis la meilleure offre financi\u00e8re estim\u00e9e \u00e0 42,5 millions de dinars. M. Sellaouti a \u00e9galement expliqu\u00e9 que le minist\u00e8re de l\u2019\u00c9ducation a ouvert un appel d\u2019offres au niveau national, mais [&hellip;]<\/p>\n","protected":false},"author":1789,"featured_media":0,"comment_status":"closed","ping_status":"closed","sticky":false,"template":"","format":"standard","meta":{"fifu_image_url":"","fifu_image_alt":"","footnotes":""},"categories":[73,55],"tags":[],"class_list":["post-145247","post","type-post","status-publish","format-standard","hentry","category-actualite","category-tunisie"],"_links":{"self":[{"href":"https:\/\/linitiative.ca\/International\/wp-json\/wp\/v2\/posts\/145247","targetHints":{"allow":["GET"]}}],"collection":[{"href":"https:\/\/linitiative.ca\/International\/wp-json\/wp\/v2\/posts"}],"about":[{"href":"https:\/\/linitiative.ca\/International\/wp-json\/wp\/v2\/types\/post"}],"author":[{"embeddable":true,"href":"https:\/\/linitiative.ca\/International\/wp-json\/wp\/v2\/users\/1789"}],"replies":[{"embeddable":true,"href":"https:\/\/linitiative.ca\/International\/wp-json\/wp\/v2\/comments?post=145247"}],"version-history":[{"count":0,"href":"https:\/\/linitiative.ca\/International\/wp-json\/wp\/v2\/posts\/145247\/revisions"}],"wp:attachment":[{"href":"https:\/\/linitiative.ca\/International\/wp-json\/wp\/v2\/media?parent=145247"}],"wp:term":[{"taxonomy":"category","embeddable":true,"href":"https:\/\/linitiative.ca\/International\/wp-json\/wp\/v2\/categories?post=145247"},{"taxonomy":"post_tag","embeddable":true,"href":"https:\/\/linitiative.ca\/International\/wp-json\/wp\/v2\/tags?post=145247"}],"curies":[{"name":"wp","href":"https:\/\/api.w.org\/{rel}","templated":true}]}}