{"id":145249,"date":"2022-04-11T09:05:41","date_gmt":"2022-04-11T13:05:41","guid":{"rendered":"https:\/\/linitiative.ca\/International\/election-a-la-fif-didier-drogba-depose-sa-candidature\/"},"modified":"2022-04-11T09:05:41","modified_gmt":"2022-04-11T13:05:41","slug":"election-a-la-fif-didier-drogba-depose-sa-candidature","status":"publish","type":"post","link":"https:\/\/linitiative.ca\/International\/election-a-la-fif-didier-drogba-depose-sa-candidature\/","title":{"rendered":"Election \u00e0 la FIF: Didier Drogba d\u00e9pose sa candidature"},"content":{"rendered":"<div>\n<p>Bloqu\u00e9e et report\u00e9e \u00a0maintes fois \u00e0 cause des parrainages, l\u2019\u00e9lection \u00e0 la pr\u00e9sidence de la F\u00e9d\u00e9ration ivoirienne de football(FIF) est maintenant en bonne voie. Ecart\u00e9 par le syst\u00e8me des parrainages, l\u2019ex-capitaine des El\u00e9phants, Didier Drogba, est de retour dans la course au poste de pr\u00e9sident de la FIF, suite \u00e0 la modification du nombre de parrainages, une recommandation de la FIFA.<\/p>\n<p>En pr\u00e9sence de nombreux fans, il a pu officiellement d\u00e9poser, le dimanche 10 avril 2022, sa candidature, selon nos confr\u00e8res de fratmat. <em>\u00ab L\u2019objectif est de repositionner le football ivoirien \u00e0 la place qu\u2019il m\u00e9rite, celle de l\u2019excellence. Mon projet est donc de mani\u00e8re concr\u00e8te de moderniser et de professionnaliser notre football afin d\u2019atteindre un niveau de performance et des r\u00e9sultats concrets sur le plan national et international afin de retrouver notre place parmi l\u2019\u00e9lite du football mondial \u00bb,<\/em> \u00a0avait-t-il\u00a0 d\u00e9clar\u00e9 sur les r\u00e9seaux sociaux.<\/p>\n<p>L\u2019ex-international ivoirien aura peut-\u00eatre en face de lui deux candidats s\u00e9rieux, \u00e0 savoir Idriss Diallo et Sory Diabat\u00e9. La liste des candidats\u00a0 retenus pour les diff\u00e9rents scrutins sera publi\u00e9e le vendredi 15 avril 2022 par \u00a0la Commission \u00e9lectorale et l\u2019\u00e9lection du pr\u00e9sident de la FIF, organis\u00e9e par le Comit\u00e9 de normalisation, aura lieu le 23 avril 2022.<\/p>\n<p>\u00a0<\/p>\n<p><strong>AK<\/strong><\/p>\n<p>\u00a0<\/p>\n<p>\u00a0<\/p>\n<p>L\u2019article <a rel=\"nofollow\" href=\"https:\/\/www.sidwaya.info\/blog\/2022\/04\/11\/election-a-la-fif-didier-drogba-depose-sa-candidature\/\">Election \u00e0 la FIF: Didier Drogba d\u00e9pose sa candidature<\/a> est apparu en premier sur <a rel=\"nofollow\" href=\"https:\/\/www.sidwaya.info\/\">Quotidien Sidwaya<\/a>.<\/p>\n<\/div>\n<p>Auteur: Wamini SIDWAYA<br \/>\n<a href=\"https:\/\/www.sidwaya.info\/blog\/2022\/04\/11\/election-a-la-fif-didier-drogba-depose-sa-candidature\/?utm_source=rss&#038;utm_medium=rss&#038;utm_campaign=election-a-la-fif-didier-drogba-depose-sa-candidature\">Cliquez ici pour lire l&rsquo;article depuis sa source.<\/a><\/p>\n","protected":false},"excerpt":{"rendered":"<p>Bloqu\u00e9e et report\u00e9e \u00a0maintes fois \u00e0 cause des parrainages, l\u2019\u00e9lection \u00e0 la pr\u00e9sidence de la F\u00e9d\u00e9ration ivoirienne de football(FIF) est maintenant en bonne voie. Ecart\u00e9 par le syst\u00e8me des parrainages, l\u2019ex-capitaine des El\u00e9phants, Didier Drogba, est de retour dans la course au poste de pr\u00e9sident de la FIF, suite \u00e0 la modification du nombre de [&hellip;]<\/p>\n","protected":false},"author":1816,"featured_media":0,"comment_status":"closed","ping_status":"closed","sticky":false,"template":"","format":"standard","meta":{"fifu_image_url":"","fifu_image_alt":"","footnotes":""},"categories":[73,81],"tags":[],"class_list":["post-145249","post","type-post","status-publish","format-standard","hentry","category-actualite","category-burkina-faso"],"_links":{"self":[{"href":"https:\/\/linitiative.ca\/International\/wp-json\/wp\/v2\/posts\/145249","targetHints":{"allow":["GET"]}}],"collection":[{"href":"https:\/\/linitiative.ca\/International\/wp-json\/wp\/v2\/posts"}],"about":[{"href":"https:\/\/linitiative.ca\/International\/wp-json\/wp\/v2\/types\/post"}],"author":[{"embeddable":true,"href":"https:\/\/linitiative.ca\/International\/wp-json\/wp\/v2\/users\/1816"}],"replies":[{"embeddable":true,"href":"https:\/\/linitiative.ca\/International\/wp-json\/wp\/v2\/comments?post=145249"}],"version-history":[{"count":0,"href":"https:\/\/linitiative.ca\/International\/wp-json\/wp\/v2\/posts\/145249\/revisions"}],"wp:attachment":[{"href":"https:\/\/linitiative.ca\/International\/wp-json\/wp\/v2\/media?parent=145249"}],"wp:term":[{"taxonomy":"category","embeddable":true,"href":"https:\/\/linitiative.ca\/International\/wp-json\/wp\/v2\/categories?post=145249"},{"taxonomy":"post_tag","embeddable":true,"href":"https:\/\/linitiative.ca\/International\/wp-json\/wp\/v2\/tags?post=145249"}],"curies":[{"name":"wp","href":"https:\/\/api.w.org\/{rel}","templated":true}]}}