{"id":145250,"date":"2022-04-11T09:50:22","date_gmt":"2022-04-11T13:50:22","guid":{"rendered":"https:\/\/linitiative.ca\/International\/situation-securitaire-la-somita-arrete-ses-activites-minieres-au-burkina-faso\/"},"modified":"2022-04-11T09:50:22","modified_gmt":"2022-04-11T13:50:22","slug":"situation-securitaire-la-somita-arrete-ses-activites-minieres-au-burkina-faso","status":"publish","type":"post","link":"https:\/\/linitiative.ca\/International\/situation-securitaire-la-somita-arrete-ses-activites-minieres-au-burkina-faso\/","title":{"rendered":"Situation s\u00e9curitaire\u00a0: La SOMITA arr\u00eate ses activit\u00e9s mini\u00e8res au Burkina Faso"},"content":{"rendered":"<div>\n<p>En raison de la d\u00e9gradation de la situation s\u00e9curitaire au Burkina Faso avec ses cons\u00e9quences incalculables, la soci\u00e9t\u00e9 des Mines de Taparko (SOMITA.SA) a dans une note d\u2019information datant du 9 avril, avis\u00e9 l\u2019opinion publique de l\u2019arr\u00eat de ses activit\u00e9s d\u2019exploitation mini\u00e8re pour cas de force majeure.<\/p>\n<p>La Soci\u00e9t\u00e9 souligne que malgr\u00e9 les investissements couteux sur le plan s\u00e9curitaire, elle n\u2019est toujours pas \u00e0 l\u2019abri des menaces contre ses installations et son personnel. Elle pr\u00e9cise aussi que ces derni\u00e8res semaines l\u2019acc\u00e8s au site est devenu quasi impossible. Cela met gravement en danger la vie du personnel. La soci\u00e9t\u00e9 se retrouve dans l\u2019impossibilit\u00e9 absolue \u00e0 poursuivre ses activit\u00e9s.<\/p>\n<p>Dans la note, l\u2019entreprise indique que les modalit\u00e9s pratiques de cet arr\u00eat des activit\u00e9s seront pr\u00e9cis\u00e9es ult\u00e9rieurement.<\/p>\n<p>Par ailleurs, la SOMITA demande au personnel et aux partenaires de rester calme et suivre le plan d\u2019\u00e9vacuation et les instructions de la direction.<\/p>\n<p><strong>La R\u00e9daction<\/strong><\/p>\n<p><strong>\u00a0<\/strong><\/p>\n<p>L\u2019article <a rel=\"nofollow\" href=\"https:\/\/www.sidwaya.info\/blog\/2022\/04\/11\/situation-securitaire-la-somita-arrete-ses-activites-minieres-au-burkina-faso\/\">Situation s\u00e9curitaire\u00a0: La SOMITA arr\u00eate ses activit\u00e9s mini\u00e8res au Burkina Faso<\/a> est apparu en premier sur <a rel=\"nofollow\" href=\"https:\/\/www.sidwaya.info\/\">Quotidien Sidwaya<\/a>.<\/p>\n<\/div>\n<p>Auteur: Wamini SIDWAYA<br \/>\n<a href=\"https:\/\/www.sidwaya.info\/blog\/2022\/04\/11\/situation-securitaire-la-somita-arrete-ses-activites-minieres-au-burkina-faso\/?utm_source=rss&#038;utm_medium=rss&#038;utm_campaign=situation-securitaire-la-somita-arrete-ses-activites-minieres-au-burkina-faso\">Cliquez ici pour lire l&rsquo;article depuis sa source.<\/a><\/p>\n","protected":false},"excerpt":{"rendered":"<p>En raison de la d\u00e9gradation de la situation s\u00e9curitaire au Burkina Faso avec ses cons\u00e9quences incalculables, la soci\u00e9t\u00e9 des Mines de Taparko (SOMITA.SA) a dans une note d\u2019information datant du 9 avril, avis\u00e9 l\u2019opinion publique de l\u2019arr\u00eat de ses activit\u00e9s d\u2019exploitation mini\u00e8re pour cas de force majeure. La Soci\u00e9t\u00e9 souligne que malgr\u00e9 les investissements couteux [&hellip;]<\/p>\n","protected":false},"author":1816,"featured_media":0,"comment_status":"closed","ping_status":"closed","sticky":false,"template":"","format":"standard","meta":{"fifu_image_url":"","fifu_image_alt":"","footnotes":""},"categories":[73,81],"tags":[],"class_list":["post-145250","post","type-post","status-publish","format-standard","hentry","category-actualite","category-burkina-faso"],"_links":{"self":[{"href":"https:\/\/linitiative.ca\/International\/wp-json\/wp\/v2\/posts\/145250","targetHints":{"allow":["GET"]}}],"collection":[{"href":"https:\/\/linitiative.ca\/International\/wp-json\/wp\/v2\/posts"}],"about":[{"href":"https:\/\/linitiative.ca\/International\/wp-json\/wp\/v2\/types\/post"}],"author":[{"embeddable":true,"href":"https:\/\/linitiative.ca\/International\/wp-json\/wp\/v2\/users\/1816"}],"replies":[{"embeddable":true,"href":"https:\/\/linitiative.ca\/International\/wp-json\/wp\/v2\/comments?post=145250"}],"version-history":[{"count":0,"href":"https:\/\/linitiative.ca\/International\/wp-json\/wp\/v2\/posts\/145250\/revisions"}],"wp:attachment":[{"href":"https:\/\/linitiative.ca\/International\/wp-json\/wp\/v2\/media?parent=145250"}],"wp:term":[{"taxonomy":"category","embeddable":true,"href":"https:\/\/linitiative.ca\/International\/wp-json\/wp\/v2\/categories?post=145250"},{"taxonomy":"post_tag","embeddable":true,"href":"https:\/\/linitiative.ca\/International\/wp-json\/wp\/v2\/tags?post=145250"}],"curies":[{"name":"wp","href":"https:\/\/api.w.org\/{rel}","templated":true}]}}