{"id":145251,"date":"2022-04-11T12:42:24","date_gmt":"2022-04-11T16:42:24","guid":{"rendered":"https:\/\/linitiative.ca\/International\/securite-alimentaire-au-burkina-le-gouvernement-prend-des-mesures-pour-pallier-le-deficit-cerealier-point-de-presse-du-gouvernement\/"},"modified":"2022-04-11T12:42:24","modified_gmt":"2022-04-11T16:42:24","slug":"securite-alimentaire-au-burkina-le-gouvernement-prend-des-mesures-pour-pallier-le-deficit-cerealier-point-de-presse-du-gouvernement","status":"publish","type":"post","link":"https:\/\/linitiative.ca\/International\/securite-alimentaire-au-burkina-le-gouvernement-prend-des-mesures-pour-pallier-le-deficit-cerealier-point-de-presse-du-gouvernement\/","title":{"rendered":"S\u00e9curit\u00e9 alimentaire au Burkina : le gouvernement prend des mesures pour pallier le d\u00e9ficit c\u00e9r\u00e9alier (Point de presse du gouvernement)"},"content":{"rendered":"<div>\n<p><strong>Selon les chiffres fournis par le ministre en charge du commerce Abdoulaye Tall, pr\u00e8s de 450 000 hectares des terres n\u2019ont pas \u00e9t\u00e9 utilis\u00e9es la saison \u00e9coul\u00e9e. Cette situation a entrain\u00e9 un d\u00e9ficit c\u00e9r\u00e9alier de pr\u00e8s 461 000 tonnes. Face \u00e0 cette situation, le gouvernement a pris des mesures pour \u00e9viter une \u00e9ventuelle crise alimentaire.<\/strong><\/p>\n<p>Entre autres mesures, il y a l\u2019interdiction d\u2019exportations de c\u00e9r\u00e9ales, l\u2019ouverture par le gouvernement des boutiques de c\u00e9r\u00e9ales \u00e0 des prix subventionn\u00e9s, l\u2019approvisionnement du stock de la SONAGES, le renforcement des contr\u00f4les des lieux de stockages.<\/p>\n<p><strong>La R\u00e9daction<\/strong><\/p>\n<p>L\u2019article <a rel=\"nofollow\" href=\"https:\/\/www.sidwaya.info\/blog\/2022\/04\/11\/securite-alimentaire-au-burkina-le-gouvernement-prend-des-mesures-pour-pallier-le-deficit-cerealier-point-de-presse-du-gouvernement\/\">S\u00e9curit\u00e9 alimentaire au Burkina : le gouvernement prend des mesures pour pallier le d\u00e9ficit c\u00e9r\u00e9alier (Point de presse du gouvernement)<\/a> est apparu en premier sur <a rel=\"nofollow\" href=\"https:\/\/www.sidwaya.info\/\">Quotidien Sidwaya<\/a>.<\/p>\n<\/div>\n<p>Auteur: Wamini SIDWAYA<br \/>\n<a href=\"https:\/\/www.sidwaya.info\/blog\/2022\/04\/11\/securite-alimentaire-au-burkina-le-gouvernement-prend-des-mesures-pour-pallier-le-deficit-cerealier-point-de-presse-du-gouvernement\/?utm_source=rss&#038;utm_medium=rss&#038;utm_campaign=securite-alimentaire-au-burkina-le-gouvernement-prend-des-mesures-pour-pallier-le-deficit-cerealier-point-de-presse-du-gouvernement\">Cliquez ici pour lire l&rsquo;article depuis sa source.<\/a><\/p>\n","protected":false},"excerpt":{"rendered":"<p>Selon les chiffres fournis par le ministre en charge du commerce Abdoulaye Tall, pr\u00e8s de 450 000 hectares des terres n\u2019ont pas \u00e9t\u00e9 utilis\u00e9es la saison \u00e9coul\u00e9e. Cette situation a entrain\u00e9 un d\u00e9ficit c\u00e9r\u00e9alier de pr\u00e8s 461 000 tonnes. Face \u00e0 cette situation, le gouvernement a pris des mesures pour \u00e9viter une \u00e9ventuelle crise alimentaire. [&hellip;]<\/p>\n","protected":false},"author":1816,"featured_media":0,"comment_status":"closed","ping_status":"closed","sticky":false,"template":"","format":"standard","meta":{"fifu_image_url":"","fifu_image_alt":"","footnotes":""},"categories":[73,81],"tags":[],"class_list":["post-145251","post","type-post","status-publish","format-standard","hentry","category-actualite","category-burkina-faso"],"_links":{"self":[{"href":"https:\/\/linitiative.ca\/International\/wp-json\/wp\/v2\/posts\/145251","targetHints":{"allow":["GET"]}}],"collection":[{"href":"https:\/\/linitiative.ca\/International\/wp-json\/wp\/v2\/posts"}],"about":[{"href":"https:\/\/linitiative.ca\/International\/wp-json\/wp\/v2\/types\/post"}],"author":[{"embeddable":true,"href":"https:\/\/linitiative.ca\/International\/wp-json\/wp\/v2\/users\/1816"}],"replies":[{"embeddable":true,"href":"https:\/\/linitiative.ca\/International\/wp-json\/wp\/v2\/comments?post=145251"}],"version-history":[{"count":0,"href":"https:\/\/linitiative.ca\/International\/wp-json\/wp\/v2\/posts\/145251\/revisions"}],"wp:attachment":[{"href":"https:\/\/linitiative.ca\/International\/wp-json\/wp\/v2\/media?parent=145251"}],"wp:term":[{"taxonomy":"category","embeddable":true,"href":"https:\/\/linitiative.ca\/International\/wp-json\/wp\/v2\/categories?post=145251"},{"taxonomy":"post_tag","embeddable":true,"href":"https:\/\/linitiative.ca\/International\/wp-json\/wp\/v2\/tags?post=145251"}],"curies":[{"name":"wp","href":"https:\/\/api.w.org\/{rel}","templated":true}]}}