{"id":145252,"date":"2022-04-11T13:40:00","date_gmt":"2022-04-11T17:40:00","guid":{"rendered":"https:\/\/linitiative.ca\/International\/niger-un-ex-ministre-arrete-pour-deux-tentatives-de-coup-detat\/"},"modified":"2022-04-11T13:40:00","modified_gmt":"2022-04-11T17:40:00","slug":"niger-un-ex-ministre-arrete-pour-deux-tentatives-de-coup-detat","status":"publish","type":"post","link":"https:\/\/linitiative.ca\/International\/niger-un-ex-ministre-arrete-pour-deux-tentatives-de-coup-detat\/","title":{"rendered":"Niger : un ex-ministre arr\u00eat\u00e9 pour deux tentatives de coup d\u2019Etat"},"content":{"rendered":"<div>\n<p>L\u2019ancien ministre nig\u00e9rien de l\u2019Int\u00e9rieur dans le gouvernement de transition du g\u00e9n\u00e9ral Salou Djibo, Ousmane Ciss\u00e9, a \u00e9t\u00e9 emprisonn\u00e9 le vendredi 08 avril dernier \u00a0pour son implication pr\u00e9sum\u00e9e dans deux tentatives de coup d\u2019\u00c9tat. <em>\u00ab\u00a0Ousmane Ciss\u00e9, l\u2019ex-ministre de l\u2019Int\u00e9rieur a \u00e9t\u00e9 plac\u00e9 sous mandat de d\u00e9p\u00f4t \u00e0 la prison de Birni N\u2019Gaour\u00e9 (sud du Niger) pour son implication dans deux tentatives de coup d\u2019\u00c9tat d\u00e9jou\u00e9es en mars 2021 puis tout r\u00e9cemment en mars 2022\u00a0\u00bb,<\/em> a affirm\u00e9 \u00e0 l\u2019AFP un officiel nig\u00e9rien, relay\u00e9 par africanews. Le 31 mars 2021, le gouvernement nig\u00e9rien avait annonc\u00e9 l\u2019arrestation de plusieurs personnes apr\u00e8s une tentative de coup d\u2019\u00c9tat, deux jours avant la prestation de serment de l\u2019actuel pr\u00e9sident Mohamed Bazoum. Le \u00ab\u00a0cerveau\u00a0\u00bb pr\u00e9sum\u00e9 de cette tentative de coup d\u2019\u00c9tat, Sani Gourouza, un capitaine de l\u2019arm\u00e9e de l\u2019air, avait \u00e9t\u00e9 arr\u00eat\u00e9 en avril 2021 au B\u00e9nin voisin et remis aux autorit\u00e9s nig\u00e9riennes. L\u2019arrestation d\u2019Ousmane Ciss\u00e9 <em>\u00ab\u00a0est \u00e9galement en lien avec un dernier coup d\u2019\u00c9tat d\u00e9jou\u00e9 en mars 2022, alors que le pr\u00e9sident Bazoum se trouvait en Turquie\u00a0\u00bb<\/em>, a ajout\u00e9 l\u2019officiel nig\u00e9rien.<\/p>\n<p>\u00a0<\/p>\n<p>L\u2019article <a rel=\"nofollow\" href=\"https:\/\/www.sidwaya.info\/blog\/2022\/04\/11\/niger-un-ex-ministre-arrete-pour-deux-tentatives-de-coup-detat\/\">Niger : un ex-ministre arr\u00eat\u00e9 pour deux tentatives de coup d\u2019Etat<\/a> est apparu en premier sur <a rel=\"nofollow\" href=\"https:\/\/www.sidwaya.info\/\">Quotidien Sidwaya<\/a>.<\/p>\n<\/div>\n<p>Auteur: BS. Sidwaya<br \/>\n<a href=\"https:\/\/www.sidwaya.info\/blog\/2022\/04\/11\/niger-un-ex-ministre-arrete-pour-deux-tentatives-de-coup-detat\/?utm_source=rss&#038;utm_medium=rss&#038;utm_campaign=niger-un-ex-ministre-arrete-pour-deux-tentatives-de-coup-detat\">Cliquez ici pour lire l&rsquo;article depuis sa source.<\/a><\/p>\n","protected":false},"excerpt":{"rendered":"<p>L\u2019ancien ministre nig\u00e9rien de l\u2019Int\u00e9rieur dans le gouvernement de transition du g\u00e9n\u00e9ral Salou Djibo, Ousmane Ciss\u00e9, a \u00e9t\u00e9 emprisonn\u00e9 le vendredi 08 avril dernier \u00a0pour son implication pr\u00e9sum\u00e9e dans deux tentatives de coup d\u2019\u00c9tat. \u00ab\u00a0Ousmane Ciss\u00e9, l\u2019ex-ministre de l\u2019Int\u00e9rieur a \u00e9t\u00e9 plac\u00e9 sous mandat de d\u00e9p\u00f4t \u00e0 la prison de Birni N\u2019Gaour\u00e9 (sud du Niger) [&hellip;]<\/p>\n","protected":false},"author":1816,"featured_media":0,"comment_status":"closed","ping_status":"closed","sticky":false,"template":"","format":"standard","meta":{"fifu_image_url":"","fifu_image_alt":"","footnotes":""},"categories":[73,81],"tags":[],"class_list":["post-145252","post","type-post","status-publish","format-standard","hentry","category-actualite","category-burkina-faso"],"_links":{"self":[{"href":"https:\/\/linitiative.ca\/International\/wp-json\/wp\/v2\/posts\/145252","targetHints":{"allow":["GET"]}}],"collection":[{"href":"https:\/\/linitiative.ca\/International\/wp-json\/wp\/v2\/posts"}],"about":[{"href":"https:\/\/linitiative.ca\/International\/wp-json\/wp\/v2\/types\/post"}],"author":[{"embeddable":true,"href":"https:\/\/linitiative.ca\/International\/wp-json\/wp\/v2\/users\/1816"}],"replies":[{"embeddable":true,"href":"https:\/\/linitiative.ca\/International\/wp-json\/wp\/v2\/comments?post=145252"}],"version-history":[{"count":0,"href":"https:\/\/linitiative.ca\/International\/wp-json\/wp\/v2\/posts\/145252\/revisions"}],"wp:attachment":[{"href":"https:\/\/linitiative.ca\/International\/wp-json\/wp\/v2\/media?parent=145252"}],"wp:term":[{"taxonomy":"category","embeddable":true,"href":"https:\/\/linitiative.ca\/International\/wp-json\/wp\/v2\/categories?post=145252"},{"taxonomy":"post_tag","embeddable":true,"href":"https:\/\/linitiative.ca\/International\/wp-json\/wp\/v2\/tags?post=145252"}],"curies":[{"name":"wp","href":"https:\/\/api.w.org\/{rel}","templated":true}]}}