{"id":145253,"date":"2022-04-11T15:30:25","date_gmt":"2022-04-11T19:30:25","guid":{"rendered":"https:\/\/linitiative.ca\/International\/condamnation-de-blaise-compaore-letat-ivoirien-nextrade-pas-ses-ressortissants-selon-le-ministre-en-charge-de-la-justice-wendata-barthele\/"},"modified":"2022-04-11T15:30:25","modified_gmt":"2022-04-11T19:30:25","slug":"condamnation-de-blaise-compaore-letat-ivoirien-nextrade-pas-ses-ressortissants-selon-le-ministre-en-charge-de-la-justice-wendata-barthele","status":"publish","type":"post","link":"https:\/\/linitiative.ca\/International\/condamnation-de-blaise-compaore-letat-ivoirien-nextrade-pas-ses-ressortissants-selon-le-ministre-en-charge-de-la-justice-wendata-barthele\/","title":{"rendered":"Condamnation de Blaise Compaor\u00e9 :\u00a0\u00ab\u00a0L\u2019Etat ivoirien n\u2019extrade pas ses ressortissants\u00a0\u00bb, selon le ministre en\u00a0 charge de la Justice, \u00a0Wendata Barth\u00e9l\u00e9my K\u00e9r\u00e9"},"content":{"rendered":"<div>\n<p><strong>Le porte-parole du gouvernement, Wend-kouni Lionel Bilgo accompagn\u00e9 de ses coll\u00e8gues en charge de la Justice, Wendata Barth\u00e9l\u00e9my K\u00e9r\u00e9 et du Commerce, Abdoulaye Tall ont abord\u00e9 la probl\u00e9matique de la hausse des prix au plan national et celle des libert\u00e9s au cours d\u2019une conf\u00e9rence de presse ce lundi 11 avril 2022 \u00e0 Ouagadougou.<\/strong><\/p>\n<p>Confront\u00e9 \u00e0 la hausse des prix \u00e0 l\u2019international, le gouvernement encourage les acteurs \u00e9conomiques et les populations burkinab\u00e8 \u00e0 <em>\u00ab\u00a0produire et consommer local\u00a0\u00bb.<\/em> C\u2019est le ministre du D\u00e9veloppement Industriel, du Commerce, de l\u2019Artisanat et des Petites et Moyennes Entreprises, Abdoulaye Tall qui l\u2019a dit, ce lundi 11 avril 2022 \u00e0 l\u2019occasion d\u2019une conf\u00e9rence de presse du gouvernement. Il s\u2019est agi pour lui de pr\u00e9senter les priorit\u00e9s de l\u2019ex\u00e9cutif en lien avec l\u2019inflation des prix des denr\u00e9es alimentaires sur le plan mondial.<\/p>\n<p>Abdoulaye Tall a expliqu\u00e9 que du fait de la subvention des hydrocarbures par l\u2019Etat, le Burkina Faso est l\u2019un des pays o\u00f9 le carburant est le moins cher dans la sous-r\u00e9gion ouest africaine. Seulement, a-t-il soulign\u00e9, si la hausse du prix du baril du p\u00e9trole perdure et sachant que l\u2019Etat est tiraill\u00e9 de toute part, <em>\u00ab\u00a0on pourrait mettre la Sonabhy dans une situation intenable\u00a0\u00bb<\/em>.<\/p>\n<p>Il a rappel\u00e9 que la derni\u00e8re augmentation du prix du carburant au Burkina Faso date de mars 2021, au moment o\u00f9 le baril co\u00fbtait 65 dollars, alors qu\u2019en mars 2022 le baril fait 130 dollars. Sans pr\u00e9sager d\u2019une hausse du carburant, le ministre a soutenu qu\u2019il y a lieu de <em>\u00ab\u00a0regarder la solution la plus viable pour la nation burkinab\u00e8\u00a0\u00bb<\/em>.<\/p>\n<figure id=\"attachment_47938\" aria-describedby=\"caption-attachment-47938\" style=\"width: 244px\" class=\"wp-caption aligncenter\"><img loading=\"lazy\" decoding=\"async\" class=\" wp-image-47938\" src=\"https:\/\/linitiative.ca\/International\/wp-content\/uploads\/sites\/23\/2022\/04\/WhatsApp-Image-2022-04-11-at-18.19.03-200x300-1.jpeg\" alt=\"\" width=\"244\" height=\"366\" srcset=\"https:\/\/linitiative.ca\/International\/wp-content\/uploads\/sites\/23\/2022\/04\/WhatsApp-Image-2022-04-11-at-18.19.03-200x300-1.jpeg 200w, https:\/\/www.sidwaya.info\/wp-content\/uploads\/2022\/04\/WhatsApp-Image-2022-04-11-at-18.19.03-683x1024.jpeg 683w, https:\/\/www.sidwaya.info\/wp-content\/uploads\/2022\/04\/WhatsApp-Image-2022-04-11-at-18.19.03-150x225.jpeg 150w, https:\/\/www.sidwaya.info\/wp-content\/uploads\/2022\/04\/WhatsApp-Image-2022-04-11-at-18.19.03-300x450.jpeg 300w, https:\/\/www.sidwaya.info\/wp-content\/uploads\/2022\/04\/WhatsApp-Image-2022-04-11-at-18.19.03-696x1044.jpeg 696w, https:\/\/www.sidwaya.info\/wp-content\/uploads\/2022\/04\/WhatsApp-Image-2022-04-11-at-18.19.03-280x420.jpeg 280w, https:\/\/www.sidwaya.info\/wp-content\/uploads\/2022\/04\/WhatsApp-Image-2022-04-11-at-18.19.03.jpeg 720w\" sizes=\"auto, (max-width: 244px) 100vw, 244px\"><figcaption id=\"caption-attachment-47938\" class=\"wp-caption-text\">\u00ab Si on ronge les marges des prestataires, \u00e0 un moment le risque de rupture est r\u00e9el \u00bb<\/figcaption><\/figure>\n<p><strong>L\u2019Etat d\u2019urgence sur l\u2019ensemble du territoire<\/strong><\/p>\n<p>Le prix de la farine de bl\u00e9, impact\u00e9 aussi, tout comme celui du baril, par la guerre russo-ukrainienne, joue \u00e9galement sur le prix du pain \u00e0 l\u2019\u00e9chelle nationale a reconnu le ministre. Les boulangeries subissent une pression sur leurs marges b\u00e9n\u00e9ficiaires, a reconnu Abdoulaye Tall. \u00ab\u00a0Si on ronge les marges des prestataires, \u00e0 un moment le risque de rupture est r\u00e9el\u00a0\u00bb, a-t-il dit.<\/p>\n<p>Et pour permettre de juguler le probl\u00e8me, le ministre a annonc\u00e9 la tenue d\u2019un cadre regroupant toutes les parties prenantes dans le processus de fixation des questions de prix<em>. \u00ab\u00a0\u00c7a ne veut pas dire qu\u2019on va augmenter les prix, on va \u00e9couter les acteurs et aviser\u00a0\u00bb,<\/em> a indiqu\u00e9 le premier responsable du Commerce.<\/p>\n<p>A sa suite, c\u2019est son coll\u00e8gue de la Justice, des Droits humains, charg\u00e9 des Relations avec les Institutions, Wendata Barthelemy K\u00e9r\u00e9 qui est intervenu pr\u00e9ciser les implications des restrictions de libert\u00e9 annonc\u00e9es par le Pr\u00e9sident du Faso dans son discours t\u00e9l\u00e9vis\u00e9 du 1<sup>er<\/sup> avril dernier. A l\u2019entendre, le gouvernement entend d\u00e9cr\u00e9ter l\u2019\u00e9tat d\u2019urgence sur l\u2019ensemble du territoire national. Mais cette mesure sera encadr\u00e9e par le dispositif l\u00e9gislatif ad\u00e9quat et plac\u00e9e sous le contr\u00f4le du juge administratif, a pr\u00e9cis\u00e9 Me K\u00e9r\u00e9.<\/p>\n<p><strong>L\u2019Etat ivoirien n\u2019extrade pas ses ressortissants<\/strong><\/p>\n<p>Le ministre en charge de la Justice a, par ailleurs, annonc\u00e9 les premi\u00e8res audiences judiciaires relatives aux actes de vandalisme \u00e0 B\u00e9gu\u00e9do pour le 20 avril prochain. A ce propos, il a invit\u00e9 les populations \u00e0 aider \u00e0 retrouver les personnes contre qui des avis de recherche ont \u00e9t\u00e9 lanc\u00e9s.<\/p>\n<p>La presse a interpell\u00e9 les membres de l\u2019ex\u00e9cutif, notamment, sur l\u2019efficacit\u00e9 des contr\u00f4les de prix effectu\u00e9s par le d\u00e9partement en charge du Commerce et sur la possible extradition de l\u2019ancien pr\u00e9sident Blaise Compaor\u00e9 \u00e0 la suite de sa condamnation par le tribunal militaire dans l\u2019affaire Thomas Sankara et douze autres.<\/p>\n<p>Le ministre en charge du Commerce a r\u00e9pondu que l\u2019Etat compte environ 300 agents contr\u00f4leurs des prix. <em>\u00ab\u00a0Malgr\u00e9 notre bonne volont\u00e9, nous ne sommes pas en mesure d\u2019attraper tous les fraudeurs\u00a0\u00bb,<\/em> a-t-il expliqu\u00e9, invitant les populations \u00e0 d\u00e9noncer les cas de violation des prix officiels qu\u2019elles viendraient \u00e0 constater.<\/p>\n<figure id=\"attachment_47936\" aria-describedby=\"caption-attachment-47936\" style=\"width: 696px\" class=\"wp-caption alignnone\"><img decoding=\"async\" loading=\"lazy\" class=\"wp-image-47936 size-large\" src=\"https:\/\/linitiative.ca\/International\/wp-content\/uploads\/sites\/23\/2022\/04\/Blaise-Compaore-1024x576-1.jpg\" alt=\"\" width=\"696\" height=\"392\" srcset=\"https:\/\/linitiative.ca\/International\/wp-content\/uploads\/sites\/23\/2022\/04\/Blaise-Compaore-1024x576-1.jpg 1024w, https:\/\/www.sidwaya.info\/wp-content\/uploads\/2022\/04\/Blaise-Compaore-300x169.jpg 300w, https:\/\/www.sidwaya.info\/wp-content\/uploads\/2022\/04\/Blaise-Compaore-768x432.jpg 768w, https:\/\/www.sidwaya.info\/wp-content\/uploads\/2022\/04\/Blaise-Compaore-150x84.jpg 150w, https:\/\/www.sidwaya.info\/wp-content\/uploads\/2022\/04\/Blaise-Compaore-696x392.jpg 696w, https:\/\/www.sidwaya.info\/wp-content\/uploads\/2022\/04\/Blaise-Compaore-1068x601.jpg 1068w, https:\/\/www.sidwaya.info\/wp-content\/uploads\/2022\/04\/Blaise-Compaore-747x420.jpg 747w, https:\/\/www.sidwaya.info\/wp-content\/uploads\/2022\/04\/Blaise-Compaore.jpg 1200w\" sizes=\"auto, (max-width: 696px) 100vw, 696px\"><figcaption id=\"caption-attachment-47936\" class=\"wp-caption-text\">L\u2019ancien pr\u00e9sident burkinab\u00e8 a acquis la nationalit\u00e9 ivoirienne<\/figcaption><\/figure>\n<p>Quant \u00e0 l\u2019extradition de Blaise Compaor\u00e9, le Garde des sceaux a expliqu\u00e9 que le temps des recours n\u2019\u00e9tant pas \u00e9coul\u00e9, la d\u00e9cision du tribunal militaire n\u2019est pas encore d\u00e9finitive. Il a aussi rappel\u00e9 que l\u2019ancien pr\u00e9sident burkinab\u00e8 a acquis la nationalit\u00e9 ivoirienne et que l\u2019Etat ivoirien n\u2019extrade pas ses ressortissants. <em>\u00ab\u00a0En tout \u00e9tat de cause le Burkina Faso prendra ses responsabilit\u00e9s\u00a0\u00bb,<\/em> a d\u00e9clar\u00e9 le ministre en charge de la Justice.<\/p>\n<p><strong>Fab\u00e9 OUATTARA <\/strong><\/p>\n<p>L\u2019article <a rel=\"nofollow\" href=\"https:\/\/www.sidwaya.info\/blog\/2022\/04\/11\/condamnation-de-blaise-compaore-letat-ivoirien-nextrade-pas-ses-ressortissants-selon-le-ministre-en-charge-de-la-justice-wendata-barthele\/\">Condamnation de Blaise Compaor\u00e9 :\u00a0\u00ab\u00a0L\u2019Etat ivoirien n\u2019extrade pas ses ressortissants\u00a0\u00bb, selon le ministre en\u00a0 charge de la Justice, \u00a0Wendata Barth\u00e9l\u00e9my K\u00e9r\u00e9<\/a> est apparu en premier sur <a rel=\"nofollow\" href=\"https:\/\/www.sidwaya.info\/\">Quotidien Sidwaya<\/a>.<\/p>\n<\/div>\n<p>Auteur: Wamini SIDWAYA<br \/>\n<a href=\"https:\/\/www.sidwaya.info\/blog\/2022\/04\/11\/condamnation-de-blaise-compaore-letat-ivoirien-nextrade-pas-ses-ressortissants-selon-le-ministre-en-charge-de-la-justice-wendata-barthele\/?utm_source=rss&#038;utm_medium=rss&#038;utm_campaign=condamnation-de-blaise-compaore-letat-ivoirien-nextrade-pas-ses-ressortissants-selon-le-ministre-en-charge-de-la-justice-wendata-barthele\">Cliquez ici pour lire l&rsquo;article depuis sa source.<\/a><\/p>\n","protected":false},"excerpt":{"rendered":"<p>Le porte-parole du gouvernement, Wend-kouni Lionel Bilgo accompagn\u00e9 de ses coll\u00e8gues en charge de la Justice, Wendata Barth\u00e9l\u00e9my K\u00e9r\u00e9 et du Commerce, Abdoulaye Tall ont abord\u00e9 la probl\u00e9matique de la hausse des prix au plan national et celle des libert\u00e9s au cours d\u2019une conf\u00e9rence de presse ce lundi 11 avril 2022 \u00e0 Ouagadougou. Confront\u00e9 \u00e0 [&hellip;]<\/p>\n","protected":false},"author":1816,"featured_media":0,"comment_status":"closed","ping_status":"closed","sticky":false,"template":"","format":"standard","meta":{"fifu_image_url":"https:\/\/www.sidwaya.info\/wp-content\/uploads\/2022\/04\/WhatsApp-Image-2022-04-11-at-18.19.03-200x300.jpeg","fifu_image_alt":"Condamnation de Blaise Compaor\u00e9 :\u00a0\u00ab\u00a0L\u2019Etat ivoirien n\u2019extrade pas ses ressortissants\u00a0\u00bb, selon le ministre en\u00a0 charge de la Justice, \u00a0Wendata Barth\u00e9l\u00e9my K\u00e9r\u00e9","footnotes":""},"categories":[73,81],"tags":[],"class_list":["post-145253","post","type-post","status-publish","format-standard","hentry","category-actualite","category-burkina-faso"],"_links":{"self":[{"href":"https:\/\/linitiative.ca\/International\/wp-json\/wp\/v2\/posts\/145253","targetHints":{"allow":["GET"]}}],"collection":[{"href":"https:\/\/linitiative.ca\/International\/wp-json\/wp\/v2\/posts"}],"about":[{"href":"https:\/\/linitiative.ca\/International\/wp-json\/wp\/v2\/types\/post"}],"author":[{"embeddable":true,"href":"https:\/\/linitiative.ca\/International\/wp-json\/wp\/v2\/users\/1816"}],"replies":[{"embeddable":true,"href":"https:\/\/linitiative.ca\/International\/wp-json\/wp\/v2\/comments?post=145253"}],"version-history":[{"count":0,"href":"https:\/\/linitiative.ca\/International\/wp-json\/wp\/v2\/posts\/145253\/revisions"}],"wp:attachment":[{"href":"https:\/\/linitiative.ca\/International\/wp-json\/wp\/v2\/media?parent=145253"}],"wp:term":[{"taxonomy":"category","embeddable":true,"href":"https:\/\/linitiative.ca\/International\/wp-json\/wp\/v2\/categories?post=145253"},{"taxonomy":"post_tag","embeddable":true,"href":"https:\/\/linitiative.ca\/International\/wp-json\/wp\/v2\/tags?post=145253"}],"curies":[{"name":"wp","href":"https:\/\/api.w.org\/{rel}","templated":true}]}}