{"id":145258,"date":"2022-04-11T13:18:04","date_gmt":"2022-04-11T17:18:04","guid":{"rendered":"https:\/\/linitiative.ca\/International\/jacob-zuma-absent-a-son-proces-pour-des-raisons-medicales\/"},"modified":"2022-04-11T13:18:04","modified_gmt":"2022-04-11T17:18:04","slug":"jacob-zuma-absent-a-son-proces-pour-des-raisons-medicales","status":"publish","type":"post","link":"https:\/\/linitiative.ca\/International\/jacob-zuma-absent-a-son-proces-pour-des-raisons-medicales\/","title":{"rendered":"Jacob Zuma absent \u00e0 son proc\u00e8s pour des raisons m\u00e9dicales"},"content":{"rendered":"<div>\n<p><img decoding=\"async\" width=\"281\" height=\"180\" src=\"https:\/\/linitiative.ca\/International\/wp-content\/uploads\/sites\/23\/2022\/04\/16496974858318.jpg\" class=\"attachment-post-thumbnail size-post-thumbnail wp-post-image\" alt=\"\" loading=\"lazy\"><\/p>\n<p>L&rsquo;ex-pr\u00e9sident sud-africain et le marchand d&rsquo;armes fran\u00e7ais Thales font face \u00e0 de multiples accusations de corruption.Jacob Zuma n&rsquo;a pas assist\u00e9 \u00e0 l&rsquo;ouverture de son proc\u00e8s, ce lundi 11 avril, devant la Haute Cour de Pietermaritzburg, dans la province du KwaZulu-Natal, \u00ab en raison d&rsquo;un probl\u00e8me de sant\u00e9 non divulgu\u00e9 \u00bb. Ses conseils ont demand\u00e9 un nouveau report de son proc\u00e8s.<\/p>\n<p>La presse locale rapporte que le pr\u00e9sident Zuma veut utiliser un Procureur priv\u00e9 pour relancer son affaire contre le Procureur principal de l&rsquo;Autorit\u00e9 nationale des poursuites, Billy Downer, qui doit \u00eatre retir\u00e9 du dossier pour son impartialit\u00e9.<\/p>\n<p>Ses pr\u00e9c\u00e9dents efforts pour retirer Downer ont \u00e9chou\u00e9 devant les tribunaux, ce qui a permis \u00e0 ce dernier de fixer ce lundi le d\u00e9but du proc\u00e8s complet.<\/p>\n<p>Zuma et le marchand d&rsquo;armes fran\u00e7ais Thales font face \u00e0 de multiples accusations de corruption en relation avec un contrat d&rsquo;armement de plusieurs milliards de dollars lorsqu&rsquo;il \u00e9tait vice-pr\u00e9sident de l&rsquo;\u00c9tat sous l&rsquo;ancien pr\u00e9sident Thabo Mbeki (1997-2007).<\/p>\n<p>Cet article <a rel=\"nofollow\" href=\"https:\/\/www.journalducameroun.com\/jacob-zuma-absent-a-son-proces-pour-des-raisons-medicales\/\">Jacob Zuma absent \u00e0 son proc\u00e8s pour des raisons m\u00e9dicales<\/a> est apparu en premier sur <a rel=\"nofollow\" href=\"https:\/\/www.journalducameroun.com\/\">Journal du Cameroun<\/a>.<\/p>\n<\/div>\n<p>Auteur: APA News<br \/>\n<a href=\"https:\/\/www.journalducameroun.com\/jacob-zuma-absent-a-son-proces-pour-des-raisons-medicales\/\">Cliquez ici pour lire l&rsquo;article depuis sa source.<\/a><\/p>\n","protected":false},"excerpt":{"rendered":"<p>L&rsquo;ex-pr\u00e9sident sud-africain et le marchand d&rsquo;armes fran\u00e7ais Thales font face \u00e0 de multiples accusations de corruption.Jacob Zuma n&rsquo;a pas assist\u00e9 \u00e0 l&rsquo;ouverture de son proc\u00e8s, ce lundi 11 avril, devant la Haute Cour de Pietermaritzburg, dans la province du KwaZulu-Natal, \u00ab en raison d&rsquo;un probl\u00e8me de sant\u00e9 non divulgu\u00e9 \u00bb. Ses conseils ont demand\u00e9 un [&hellip;]<\/p>\n","protected":false},"author":1965,"featured_media":0,"comment_status":"closed","ping_status":"closed","sticky":false,"template":"","format":"standard","meta":{"fifu_image_url":"https:\/\/www.journalducameroun.com\/wp-content\/uploads\/2022\/04\/16496974858318.jpg","fifu_image_alt":"Jacob Zuma absent \u00e0 son proc\u00e8s pour des raisons m\u00e9dicales","footnotes":""},"categories":[73,82],"tags":[],"class_list":["post-145258","post","type-post","status-publish","format-standard","hentry","category-actualite","category-cameroun"],"_links":{"self":[{"href":"https:\/\/linitiative.ca\/International\/wp-json\/wp\/v2\/posts\/145258","targetHints":{"allow":["GET"]}}],"collection":[{"href":"https:\/\/linitiative.ca\/International\/wp-json\/wp\/v2\/posts"}],"about":[{"href":"https:\/\/linitiative.ca\/International\/wp-json\/wp\/v2\/types\/post"}],"author":[{"embeddable":true,"href":"https:\/\/linitiative.ca\/International\/wp-json\/wp\/v2\/users\/1965"}],"replies":[{"embeddable":true,"href":"https:\/\/linitiative.ca\/International\/wp-json\/wp\/v2\/comments?post=145258"}],"version-history":[{"count":0,"href":"https:\/\/linitiative.ca\/International\/wp-json\/wp\/v2\/posts\/145258\/revisions"}],"wp:attachment":[{"href":"https:\/\/linitiative.ca\/International\/wp-json\/wp\/v2\/media?parent=145258"}],"wp:term":[{"taxonomy":"category","embeddable":true,"href":"https:\/\/linitiative.ca\/International\/wp-json\/wp\/v2\/categories?post=145258"},{"taxonomy":"post_tag","embeddable":true,"href":"https:\/\/linitiative.ca\/International\/wp-json\/wp\/v2\/tags?post=145258"}],"curies":[{"name":"wp","href":"https:\/\/api.w.org\/{rel}","templated":true}]}}